{"id":997,"date":"2023-10-08T13:24:00","date_gmt":"2023-10-08T12:24:00","guid":{"rendered":"http:\/\/977.ablak.arnes.si\/?p=997"},"modified":"2024-02-21T14:20:12","modified_gmt":"2024-02-21T13:20:12","slug":"sladek-zacetek-septembra","status":"publish","type":"post","link":"https:\/\/vrtec-sezana.si\/?p=997","title":{"rendered":"SLADEK ZA\u010cETEK SEPTEMBRA"},"content":{"rendered":"\n<p>Kaj je bolj\u0161e kot sladoled?<\/p>\n\n\n\n<p>Te\u017eko bi na\u0161li drugi odgovor, ker sladoled vedno zmaga. V petek, na prvi \u0161olski dan, smo se vsi vrt\u010devski otroci v Diva\u010di in v Seno\u017ee\u010dah posladkali s kepico sladoleda. Ob tej prilo\u017enosti se zahvaljujemo za odli\u010dno idejo in organizacijo vsem, ki ste na diva\u0161ki ob\u010dini imeli prste vmes.<\/p>\n\n\n\n<p>Taka sladka presene\u010denja so vedno dobrodo\u0161la. Z navdu\u0161enjem vstopamo v novo \u0161olsko leto; naj bo polno veselja, smeha in ustvarjalnih idej.<\/p>\n\n\n\n<p>Besedilo: Barbara Majcen<\/p>\n\n\n\n<p>Fotografije: Arhiv enote Diva\u010da<\/p>\n\n\n\n<div class=\"wp-block-buttons is-layout-flex wp-block-buttons-is-layout-flex\">\n<div class=\"wp-block-button\"><a class=\"wp-block-button__link wp-element-button\" href=\"https:\/\/vrtec-sezana.si\/?page_id=3224\">GALERIJA<\/a><\/div>\n<\/div>\n","protected":false},"excerpt":{"rendered":"<p>Kaj je bolj\u0161e kot sladoled? Te\u017eko bi na\u0161li drugi odgovor, ker sladoled vedno zmaga. V petek, na prvi \u0161olski dan, smo se vsi vrt\u010devski otroci v Diva\u010di in v Seno\u017ee\u010dah posladkali s kepico sladoleda. Ob tej prilo\u017enosti se zahvaljujemo za odli\u010dno idejo&#8230;<\/p>\n","protected":false},"author":1,"featured_media":538,"comment_status":"closed","ping_status":"closed","sticky":false,"template":"","format":"standard","meta":{"footnotes":""},"categories":[9],"tags":[],"jetpack_featured_media_url":"https:\/\/vrtec-sezana.si\/wp-content\/uploads\/2023\/11\/OpisDivaca.jpg","_links":{"self":[{"href":"https:\/\/vrtec-sezana.si\/index.php?rest_route=\/wp\/v2\/posts\/997"}],"collection":[{"href":"https:\/\/vrtec-sezana.si\/index.php?rest_route=\/wp\/v2\/posts"}],"about":[{"href":"https:\/\/vrtec-sezana.si\/index.php?rest_route=\/wp\/v2\/types\/post"}],"author":[{"embeddable":true,"href":"https:\/\/vrtec-sezana.si\/index.php?rest_route=\/wp\/v2\/users\/1"}],"replies":[{"embeddable":true,"href":"https:\/\/vrtec-sezana.si\/index.php?rest_route=%2Fwp%2Fv2%2Fcomments&post=997"}],"version-history":[{"count":3,"href":"https:\/\/vrtec-sezana.si\/index.php?rest_route=\/wp\/v2\/posts\/997\/revisions"}],"predecessor-version":[{"id":7308,"href":"https:\/\/vrtec-sezana.si\/index.php?rest_route=\/wp\/v2\/posts\/997\/revisions\/7308"}],"wp:featuredmedia":[{"embeddable":true,"href":"https:\/\/vrtec-sezana.si\/index.php?rest_route=\/wp\/v2\/media\/538"}],"wp:attachment":[{"href":"https:\/\/vrtec-sezana.si\/index.php?rest_route=%2Fwp%2Fv2%2Fmedia&parent=997"}],"wp:term":[{"taxonomy":"category","embeddable":true,"href":"https:\/\/vrtec-sezana.si\/index.php?rest_route=%2Fwp%2Fv2%2Fcategories&post=997"},{"taxonomy":"post_tag","embeddable":true,"href":"https:\/\/vrtec-sezana.si\/index.php?rest_route=%2Fwp%2Fv2%2Ftags&post=997"}],"curies":[{"name":"wp","href":"https:\/\/api.w.org\/{rel}","templated":true}]}}