{"id":9966,"date":"2024-03-31T20:42:52","date_gmt":"2024-03-31T19:42:52","guid":{"rendered":"https:\/\/vrtec-sezana.si\/?p=9966"},"modified":"2024-03-31T20:42:52","modified_gmt":"2024-03-31T19:42:52","slug":"medvedki-sladkosnedki","status":"publish","type":"post","link":"https:\/\/vrtec-sezana.si\/?p=9966","title":{"rendered":"&#8220;Medvedki sladkosnedki&#8221;"},"content":{"rendered":"\n<p>Letos obele\u017eujemo 120. letnico rojstva na\u0161ega pesnika Sre\u010dka Kosovela. V enoti Lokev smo v garderobi za star\u0161e in otroke pripravili plakat o Sre\u010dku Kosovelu na katerem so bile tudi fotografije o njegovem delu.<\/p>\n\n\n\n<p>V skupini pri \u00bbmedvedkih\u00ab smo otrokom na\u0161ega pesnika Sre\u010dka Kosovela poskusili predstaviti s prebiranjem pesmi iz pesni\u0161ke zbirke \u00bbMedvedki sladkosnedki\u00ab ( De\u010dek in sonce, Son\u010dek bo\u017ea, Otrok s son\u010dnico).<\/p>\n\n\n\n<p>Vse pesmice so bile otrokom zelo v\u0161e\u010d. Ve\u010dkrat so si pri\u0161li ogledat plakat in pesmice na njem. Najbolj pa jim je bila v\u0161e\u010d pesmica Son\u010dek bo\u017ea.<\/p>\n\n\n\n<p>Prav je, da otroke seznanimo z delom na\u0161ega pesnika Sre\u010dka Kosovela, ki je pustil velik pe\u010dat v slovenski literaturi.<\/p>\n\n\n\n<p>Besedilo: Nada Ma\u010dinkovi\u0107<\/p>\n\n\n\n<p>Fotografije: Nada Ma\u010dinkovi\u0107<\/p>\n\n\n\n<div class=\"wp-block-buttons is-layout-flex wp-block-buttons-is-layout-flex\">\n<div class=\"wp-block-button\"><a class=\"wp-block-button__link wp-element-button\" href=\"https:\/\/vrtec-sezana.si\/?page_id=9954\">GALERIJA<\/a><\/div>\n<\/div>\n","protected":false},"excerpt":{"rendered":"<p>Letos obele\u017eujemo 120. letnico rojstva na\u0161ega pesnika Sre\u010dka Kosovela. V enoti Lokev smo v garderobi za star\u0161e in otroke pripravili plakat o Sre\u010dku Kosovelu na katerem so bile tudi fotografije o njegovem delu. V skupini pri \u00bbmedvedkih\u00ab smo otrokom na\u0161ega pesnika Sre\u010dka&#8230;<\/p>\n","protected":false},"author":23,"featured_media":9964,"comment_status":"closed","ping_status":"closed","sticky":false,"template":"","format":"standard","meta":{"footnotes":""},"categories":[13],"tags":[],"jetpack_featured_media_url":"https:\/\/vrtec-sezana.si\/wp-content\/uploads\/2024\/03\/medvedki-sladkosnedki-maket_500.webp","_links":{"self":[{"href":"https:\/\/vrtec-sezana.si\/index.php?rest_route=\/wp\/v2\/posts\/9966"}],"collection":[{"href":"https:\/\/vrtec-sezana.si\/index.php?rest_route=\/wp\/v2\/posts"}],"about":[{"href":"https:\/\/vrtec-sezana.si\/index.php?rest_route=\/wp\/v2\/types\/post"}],"author":[{"embeddable":true,"href":"https:\/\/vrtec-sezana.si\/index.php?rest_route=\/wp\/v2\/users\/23"}],"replies":[{"embeddable":true,"href":"https:\/\/vrtec-sezana.si\/index.php?rest_route=%2Fwp%2Fv2%2Fcomments&post=9966"}],"version-history":[{"count":1,"href":"https:\/\/vrtec-sezana.si\/index.php?rest_route=\/wp\/v2\/posts\/9966\/revisions"}],"predecessor-version":[{"id":9967,"href":"https:\/\/vrtec-sezana.si\/index.php?rest_route=\/wp\/v2\/posts\/9966\/revisions\/9967"}],"wp:featuredmedia":[{"embeddable":true,"href":"https:\/\/vrtec-sezana.si\/index.php?rest_route=\/wp\/v2\/media\/9964"}],"wp:attachment":[{"href":"https:\/\/vrtec-sezana.si\/index.php?rest_route=%2Fwp%2Fv2%2Fmedia&parent=9966"}],"wp:term":[{"taxonomy":"category","embeddable":true,"href":"https:\/\/vrtec-sezana.si\/index.php?rest_route=%2Fwp%2Fv2%2Fcategories&post=9966"},{"taxonomy":"post_tag","embeddable":true,"href":"https:\/\/vrtec-sezana.si\/index.php?rest_route=%2Fwp%2Fv2%2Ftags&post=9966"}],"curies":[{"name":"wp","href":"https:\/\/api.w.org\/{rel}","templated":true}]}}