{"id":995,"date":"2023-10-08T13:22:00","date_gmt":"2023-10-08T12:22:00","guid":{"rendered":"http:\/\/977.ablak.arnes.si\/?p=995"},"modified":"2024-02-21T14:20:28","modified_gmt":"2024-02-21T13:20:28","slug":"medvedki-v-septembru","status":"publish","type":"post","link":"https:\/\/vrtec-sezana.si\/?p=995","title":{"rendered":"MEDVEDKI V SEPTEMBRU"},"content":{"rendered":"\n<p><em>\u00bbEna, dva, ena, dva, \u010detica smo vrte\u0161ka.<\/em><\/p>\n\n\n\n<p><em>Strumno vsi korakamo, sre\u010do, smeh prina\u0161amo\u2026.\u00ab<\/em><\/p>\n\n\n\n<p>Otroci iz skupine Medvedki se pridno navajamo na hojo z vrvico in hodimo na kraj\u0161e sprehode po plo\u0161\u010dadi vrtca. To nam omogo\u010da, da se lahko na \u010dim ve\u010d razli\u010dnih prostorih vrtca&nbsp; gibljemo in raziskujemo.&nbsp;<strong>Dan slovenskega \u0161porta<\/strong>, smo obele\u017eili 25.9. in sicer v igralnici, kjer so otroci imeli mo\u017enost plezanja po plezalu, vo\u017enjo s poganjalci, kotaljenje in valjanje po blazinah, plazenje po klopeh, igra in razgibavanje z obro\u010di.<\/p>\n\n\n\n<p>Otroke sva spodbujali k samostojnosti, da so se navajali tudi sami sezuti copate in jih pospraviti na svoj znak. Na jutranjem krogu smo se navajali na prepoznavanje njihovih znakcev in spoznali smo tudi&nbsp; novo pesmico \u00bb\u017divali jeseni\u00ab (M. Voglar) in deklamacijo o jabolku.<\/p>\n\n\n\n<p>Veliko smo se gibali in imeli razli\u010dne gibalne igre \u00bbTelovadba z bibo\u00ab, \u00bbMedved stopa\u00ab, opona\u0161anje gibanja \u017eivali ob tamburinu, ples ob glasbi\u2026<\/p>\n\n\n\n<p><strong>Prvi jesenski dan<\/strong>&nbsp;smo obele\u017eili z likovnim ustvarjanjem \u00bbjesenskega drevesa\u00ab (tiskanje rok s tempera barvami in tiskanje s plutovinastimi zama\u0161ki). Ogledali smo si tudi dramatizacijo otrok iz skupine \u00bbSon\u010dki\u00ab pravljice \u00bbPod medvedovim de\u017enikom\u00ab.<\/p>\n\n\n\n<p>Mesec september smo zaklju\u010dili z slavnostnim uvodom v&nbsp;<strong>Teden otroka<\/strong>&nbsp;z nastopom in predstavitvijo mlaj\u0161ih ma\u017eoretk iz Povirja.<\/p>\n\n\n\n<p>Besedilo in fotografije: Ur\u0161ka Jazbec<\/p>\n\n\n\n<div class=\"wp-block-buttons is-layout-flex wp-block-buttons-is-layout-flex\">\n<div class=\"wp-block-button\"><a class=\"wp-block-button__link wp-element-button\" href=\"https:\/\/vrtec-sezana.si\/?page_id=3212\">GALERIJA<\/a><\/div>\n<\/div>\n","protected":false},"excerpt":{"rendered":"<p>\u00bbEna, dva, ena, dva, \u010detica smo vrte\u0161ka. Strumno vsi korakamo, sre\u010do, smeh prina\u0161amo\u2026.\u00ab Otroci iz skupine Medvedki se pridno navajamo na hojo z vrvico in hodimo na kraj\u0161e sprehode po plo\u0161\u010dadi vrtca. To nam omogo\u010da, da se lahko na \u010dim ve\u010d razli\u010dnih&#8230;<\/p>\n","protected":false},"author":1,"featured_media":538,"comment_status":"closed","ping_status":"closed","sticky":false,"template":"","format":"standard","meta":{"footnotes":""},"categories":[9],"tags":[],"jetpack_featured_media_url":"https:\/\/vrtec-sezana.si\/wp-content\/uploads\/2023\/11\/OpisDivaca.jpg","_links":{"self":[{"href":"https:\/\/vrtec-sezana.si\/index.php?rest_route=\/wp\/v2\/posts\/995"}],"collection":[{"href":"https:\/\/vrtec-sezana.si\/index.php?rest_route=\/wp\/v2\/posts"}],"about":[{"href":"https:\/\/vrtec-sezana.si\/index.php?rest_route=\/wp\/v2\/types\/post"}],"author":[{"embeddable":true,"href":"https:\/\/vrtec-sezana.si\/index.php?rest_route=\/wp\/v2\/users\/1"}],"replies":[{"embeddable":true,"href":"https:\/\/vrtec-sezana.si\/index.php?rest_route=%2Fwp%2Fv2%2Fcomments&post=995"}],"version-history":[{"count":3,"href":"https:\/\/vrtec-sezana.si\/index.php?rest_route=\/wp\/v2\/posts\/995\/revisions"}],"predecessor-version":[{"id":7309,"href":"https:\/\/vrtec-sezana.si\/index.php?rest_route=\/wp\/v2\/posts\/995\/revisions\/7309"}],"wp:featuredmedia":[{"embeddable":true,"href":"https:\/\/vrtec-sezana.si\/index.php?rest_route=\/wp\/v2\/media\/538"}],"wp:attachment":[{"href":"https:\/\/vrtec-sezana.si\/index.php?rest_route=%2Fwp%2Fv2%2Fmedia&parent=995"}],"wp:term":[{"taxonomy":"category","embeddable":true,"href":"https:\/\/vrtec-sezana.si\/index.php?rest_route=%2Fwp%2Fv2%2Fcategories&post=995"},{"taxonomy":"post_tag","embeddable":true,"href":"https:\/\/vrtec-sezana.si\/index.php?rest_route=%2Fwp%2Fv2%2Ftags&post=995"}],"curies":[{"name":"wp","href":"https:\/\/api.w.org\/{rel}","templated":true}]}}