{"id":993,"date":"2023-10-12T13:20:00","date_gmt":"2023-10-12T12:20:00","guid":{"rendered":"http:\/\/977.ablak.arnes.si\/?p=993"},"modified":"2024-02-19T14:58:06","modified_gmt":"2024-02-19T13:58:06","slug":"novo-solsko-leto-pri-jezkih","status":"publish","type":"post","link":"https:\/\/vrtec-sezana.si\/?p=993","title":{"rendered":"NOVO \u0160OLSKO LETO PRI JE\u017dKIH"},"content":{"rendered":"\n<p>Kar \u010dez poletje smo postali veliki in se preselili v zgornje nadstropje vrtca. Otroci so spoznali nove vrstnike, novo igralnico, nove izku\u0161nje.<\/p>\n\n\n\n<p>&nbsp;Jesen je \u010das, ko se narava obarva v najrazli\u010dnej\u0161e barve. Prvi jesenski dan smo pri Je\u017ekih&nbsp; jedli kosilo pri&nbsp; prazni\u010dno jesensko okra\u0161eni mizi. Ogledali smo si igrico Pod medvedovim de\u017enikom, ob izvedbi otrok skupine Son\u010dki.<\/p>\n\n\n\n<p>Rde\u010da nit ob tednu otroka so bili \u00bb Zakaji in zatoji radovednosti\u00ab. Prebirali smo knjigo Zakaj? pisateljice Lile Prap in se ob njej po\u0161teno zabavali. Obiskale so nas ma\u017eoretke iz kulturnega dru\u0161tva Franc \u017diberna iz Povirja in nas razveselile s plesno predstavo. Skupaj smo ob zvokih glasbe zaplesali s cofi in ma\u017eoretnimi palicami.<\/p>\n\n\n\n<p>Poskrbeli smo tudi za na\u0161e zdravje in si naredili Fit dan v vrtcu ter se dru\u017eili in igrali z otroki iz skupine Mi\u0161ke in si tako izmenjali igralnice. Skupaj prepevali pesmice ob zvokih kitare. Ustvarjali smo jesenske listke, se veliko gibali na zraku in pridobili novo izku\u0161njo na sprehodu brez vrvice ob upo\u0161tevanju prometnih pravil na cesti. &nbsp;&nbsp;&nbsp;&nbsp;&nbsp;&nbsp;Najbolj pa smo se zabavali ob kotaljenju po travniku in pri tem urili na\u0161e mo\u017egan\u010dke. Otroci so tako skozi igro razvijali sposobnost rabe jezika v vsakdanjem \u017eivljenju, se ustvarjalno izra\u017eali, gibali in bili del dru\u017ebenega okolja v katerem \u017eivijo.<\/p>\n\n\n\n<p>Besedilo: Jana Mo\u017ee Kari\u017e<\/p>\n\n\n\n<p>Fotografije: Mateja Modic<\/p>\n\n\n\n<div class=\"wp-block-buttons is-layout-flex wp-block-buttons-is-layout-flex\">\n<div class=\"wp-block-button\"><a class=\"wp-block-button__link wp-element-button\" href=\"https:\/\/vrtec-sezana.si\/?page_id=3188\">GALERIJA<\/a><\/div>\n<\/div>\n","protected":false},"excerpt":{"rendered":"<p>Kar \u010dez poletje smo postali veliki in se preselili v zgornje nadstropje vrtca. Otroci so spoznali nove vrstnike, novo igralnico, nove izku\u0161nje. &nbsp;Jesen je \u010das, ko se narava obarva v najrazli\u010dnej\u0161e barve. Prvi jesenski dan smo pri Je\u017ekih&nbsp; jedli kosilo pri&nbsp; prazni\u010dno&#8230;<\/p>\n","protected":false},"author":1,"featured_media":538,"comment_status":"closed","ping_status":"closed","sticky":false,"template":"","format":"standard","meta":{"footnotes":""},"categories":[9],"tags":[],"jetpack_featured_media_url":"https:\/\/vrtec-sezana.si\/wp-content\/uploads\/2023\/11\/OpisDivaca.jpg","_links":{"self":[{"href":"https:\/\/vrtec-sezana.si\/index.php?rest_route=\/wp\/v2\/posts\/993"}],"collection":[{"href":"https:\/\/vrtec-sezana.si\/index.php?rest_route=\/wp\/v2\/posts"}],"about":[{"href":"https:\/\/vrtec-sezana.si\/index.php?rest_route=\/wp\/v2\/types\/post"}],"author":[{"embeddable":true,"href":"https:\/\/vrtec-sezana.si\/index.php?rest_route=\/wp\/v2\/users\/1"}],"replies":[{"embeddable":true,"href":"https:\/\/vrtec-sezana.si\/index.php?rest_route=%2Fwp%2Fv2%2Fcomments&post=993"}],"version-history":[{"count":3,"href":"https:\/\/vrtec-sezana.si\/index.php?rest_route=\/wp\/v2\/posts\/993\/revisions"}],"predecessor-version":[{"id":7162,"href":"https:\/\/vrtec-sezana.si\/index.php?rest_route=\/wp\/v2\/posts\/993\/revisions\/7162"}],"wp:featuredmedia":[{"embeddable":true,"href":"https:\/\/vrtec-sezana.si\/index.php?rest_route=\/wp\/v2\/media\/538"}],"wp:attachment":[{"href":"https:\/\/vrtec-sezana.si\/index.php?rest_route=%2Fwp%2Fv2%2Fmedia&parent=993"}],"wp:term":[{"taxonomy":"category","embeddable":true,"href":"https:\/\/vrtec-sezana.si\/index.php?rest_route=%2Fwp%2Fv2%2Fcategories&post=993"},{"taxonomy":"post_tag","embeddable":true,"href":"https:\/\/vrtec-sezana.si\/index.php?rest_route=%2Fwp%2Fv2%2Ftags&post=993"}],"curies":[{"name":"wp","href":"https:\/\/api.w.org\/{rel}","templated":true}]}}