{"id":9545,"date":"2024-03-26T18:00:38","date_gmt":"2024-03-26T17:00:38","guid":{"rendered":"https:\/\/vrtec-sezana.si\/?p=9545"},"modified":"2024-03-26T18:00:38","modified_gmt":"2024-03-26T17:00:38","slug":"pomlad-in-poezija","status":"publish","type":"post","link":"https:\/\/vrtec-sezana.si\/?p=9545","title":{"rendered":"Pomlad in poezija"},"content":{"rendered":"\n<p>V vrtcu smo bili 21. marca dele\u017eni prav posebnega obiska \u2013 obiskala nas je&nbsp;deklica Pomlad, odeta v travnato obleko in s cvetli\u010dno krono na glavi. Otrokom je pokazala prve znanilce pomladi, ki jih je prinesla s seboj v ko\u0161ari, se z njimi pogovarjala o pomladi in njenih zna\u010dilnostih ter prisluhnila pesmicam, ki so jih zapeli otroci. &nbsp;<\/p>\n\n\n\n<p>21. marca obele\u017eujemo tudi&nbsp;svetovni dan poezije&nbsp;z namenom spodbujanja branja, pisanja in u\u010denja poezije po vsem svetu. Prav zato je imela deklica Pomlad v ko\u0161ari, poleg cvetja, tudi pesni\u0161ko zbirko&nbsp;Medvedki sladkosnedki, avtorja&nbsp;Sre\u010dka Kosovela. Letos praznujemo 120. obletnico njegovega rojstva in tako so otroci prisluhnili njegovi poeziji.<\/p>\n\n\n\n<p>Tako sta se na topel pomladni dan zdru\u017eili poezija in pomlad.<\/p>\n\n\n\n<p>Besedilo: Nika Konestabo<\/p>\n\n\n\n<p>Fotografije: Arhiv enote&nbsp;<\/p>\n\n\n\n<p><\/p>\n\n\n\n<div class=\"wp-block-buttons is-layout-flex wp-block-buttons-is-layout-flex\">\n<div class=\"wp-block-button\"><a class=\"wp-block-button__link wp-element-button\" href=\"https:\/\/vrtec-sezana.si\/?page_id=9523\">GALERIJA<\/a><\/div>\n<\/div>\n","protected":false},"excerpt":{"rendered":"<p>V vrtcu smo bili 21. marca dele\u017eni prav posebnega obiska \u2013 obiskala nas je&nbsp;deklica Pomlad, odeta v travnato obleko in s cvetli\u010dno krono na glavi. Otrokom je pokazala prve znanilce pomladi, ki jih je prinesla s seboj v ko\u0161ari, se z njimi&#8230;<\/p>\n","protected":false},"author":10,"featured_media":9546,"comment_status":"closed","ping_status":"closed","sticky":false,"template":"","format":"standard","meta":{"footnotes":""},"categories":[10],"tags":[],"jetpack_featured_media_url":"https:\/\/vrtec-sezana.si\/wp-content\/uploads\/2024\/03\/20240315_105023-1-scaled.jpg","_links":{"self":[{"href":"https:\/\/vrtec-sezana.si\/index.php?rest_route=\/wp\/v2\/posts\/9545"}],"collection":[{"href":"https:\/\/vrtec-sezana.si\/index.php?rest_route=\/wp\/v2\/posts"}],"about":[{"href":"https:\/\/vrtec-sezana.si\/index.php?rest_route=\/wp\/v2\/types\/post"}],"author":[{"embeddable":true,"href":"https:\/\/vrtec-sezana.si\/index.php?rest_route=\/wp\/v2\/users\/10"}],"replies":[{"embeddable":true,"href":"https:\/\/vrtec-sezana.si\/index.php?rest_route=%2Fwp%2Fv2%2Fcomments&post=9545"}],"version-history":[{"count":1,"href":"https:\/\/vrtec-sezana.si\/index.php?rest_route=\/wp\/v2\/posts\/9545\/revisions"}],"predecessor-version":[{"id":9547,"href":"https:\/\/vrtec-sezana.si\/index.php?rest_route=\/wp\/v2\/posts\/9545\/revisions\/9547"}],"wp:featuredmedia":[{"embeddable":true,"href":"https:\/\/vrtec-sezana.si\/index.php?rest_route=\/wp\/v2\/media\/9546"}],"wp:attachment":[{"href":"https:\/\/vrtec-sezana.si\/index.php?rest_route=%2Fwp%2Fv2%2Fmedia&parent=9545"}],"wp:term":[{"taxonomy":"category","embeddable":true,"href":"https:\/\/vrtec-sezana.si\/index.php?rest_route=%2Fwp%2Fv2%2Fcategories&post=9545"},{"taxonomy":"post_tag","embeddable":true,"href":"https:\/\/vrtec-sezana.si\/index.php?rest_route=%2Fwp%2Fv2%2Ftags&post=9545"}],"curies":[{"name":"wp","href":"https:\/\/api.w.org\/{rel}","templated":true}]}}