{"id":952,"date":"2023-10-19T14:44:00","date_gmt":"2023-10-19T13:44:00","guid":{"rendered":"http:\/\/977.ablak.arnes.si\/?p=952"},"modified":"2024-02-19T14:50:14","modified_gmt":"2024-02-19T13:50:14","slug":"gasilsko-dopoldne","status":"publish","type":"post","link":"https:\/\/vrtec-sezana.si\/?p=952","title":{"rendered":"GASILSKO DOPOLDNE"},"content":{"rendered":"\n<p>Veste, kaj otroci naredijo, ko zunaj na cesti zasli\u0161ijo tuljenje sirene? Vse spustijo iz rok in kar se da hitro ste\u010dejo do okna, kjer upajo, da bodo ujeli vsaj hiter pogled na tule\u010de re\u0161evalno ali gasilsko vozilo.<\/p>\n\n\n\n<p>&nbsp;Danes je bil poseben dan, saj smo obiskali na\u0161e Prostovoljno gasilsko dru\u0161tvo Povir. V gasilskem domu sta nas pri\u010dakala gasilca in gasilki.&nbsp; Gasilci so nam povedali, kako se morajo za\u0161\u010ditit preden gredo na intervencijo. Ogledali smo si gasilsko obleko in si na glavo poveznili gasilsko \u010delado. Obuli smo te\u017eke gasilske za\u0161\u010ditne \u010devlje. &nbsp;Pokazali so nam &nbsp;gasilska vozila z vso njihovo opremo. Splezali smo visoko v gasilski tovornjak in prisluhnili gasilski sireni.<\/p>\n\n\n\n<p>Dopoldne je \u0161e prehitro minilo in z pobarvankami za&nbsp; nagrado, smo gasilcem pomahali v slovo ter se odpravili nazaj v vrtec.<\/p>\n\n\n\n<p>Besedilo: Jerica Hlad<\/p>\n\n\n\n<p>Fotografije: Ur\u0161a Raimondi&nbsp; &nbsp;<\/p>\n\n\n\n<div class=\"wp-block-buttons is-layout-flex wp-block-buttons-is-layout-flex\">\n<div class=\"wp-block-button\"><a class=\"wp-block-button__link wp-element-button\" href=\"https:\/\/vrtec-sezana.si\/?page_id=4301\">GALERIJA<\/a><\/div>\n<\/div>\n","protected":false},"excerpt":{"rendered":"<p>Veste, kaj otroci naredijo, ko zunaj na cesti zasli\u0161ijo tuljenje sirene? Vse spustijo iz rok in kar se da hitro ste\u010dejo do okna, kjer upajo, da bodo ujeli vsaj hiter pogled na tule\u010de re\u0161evalno ali gasilsko vozilo. &nbsp;Danes je bil poseben dan,&#8230;<\/p>\n","protected":false},"author":1,"featured_media":512,"comment_status":"closed","ping_status":"closed","sticky":false,"template":"","format":"standard","meta":{"footnotes":""},"categories":[17],"tags":[],"jetpack_featured_media_url":"https:\/\/vrtec-sezana.si\/wp-content\/uploads\/2023\/11\/OpisPovir.jpg","_links":{"self":[{"href":"https:\/\/vrtec-sezana.si\/index.php?rest_route=\/wp\/v2\/posts\/952"}],"collection":[{"href":"https:\/\/vrtec-sezana.si\/index.php?rest_route=\/wp\/v2\/posts"}],"about":[{"href":"https:\/\/vrtec-sezana.si\/index.php?rest_route=\/wp\/v2\/types\/post"}],"author":[{"embeddable":true,"href":"https:\/\/vrtec-sezana.si\/index.php?rest_route=\/wp\/v2\/users\/1"}],"replies":[{"embeddable":true,"href":"https:\/\/vrtec-sezana.si\/index.php?rest_route=%2Fwp%2Fv2%2Fcomments&post=952"}],"version-history":[{"count":3,"href":"https:\/\/vrtec-sezana.si\/index.php?rest_route=\/wp\/v2\/posts\/952\/revisions"}],"predecessor-version":[{"id":7135,"href":"https:\/\/vrtec-sezana.si\/index.php?rest_route=\/wp\/v2\/posts\/952\/revisions\/7135"}],"wp:featuredmedia":[{"embeddable":true,"href":"https:\/\/vrtec-sezana.si\/index.php?rest_route=\/wp\/v2\/media\/512"}],"wp:attachment":[{"href":"https:\/\/vrtec-sezana.si\/index.php?rest_route=%2Fwp%2Fv2%2Fmedia&parent=952"}],"wp:term":[{"taxonomy":"category","embeddable":true,"href":"https:\/\/vrtec-sezana.si\/index.php?rest_route=%2Fwp%2Fv2%2Fcategories&post=952"},{"taxonomy":"post_tag","embeddable":true,"href":"https:\/\/vrtec-sezana.si\/index.php?rest_route=%2Fwp%2Fv2%2Ftags&post=952"}],"curies":[{"name":"wp","href":"https:\/\/api.w.org\/{rel}","templated":true}]}}