{"id":9455,"date":"2024-03-26T12:50:58","date_gmt":"2024-03-26T11:50:58","guid":{"rendered":"https:\/\/vrtec-sezana.si\/?p=9455"},"modified":"2024-03-26T12:56:04","modified_gmt":"2024-03-26T11:56:04","slug":"slavnostna-podelitev-bralnega-palcka-2","status":"publish","type":"post","link":"https:\/\/vrtec-sezana.si\/?p=9455","title":{"rendered":"Pri\u0161la je pomlad"},"content":{"rendered":"\n<p>Pomlad je \u010das prebujanja narave in novih za\u010detkov. Tudi v vrtcu \u0160tanjel smo praznovali prvi pomladni dan. Kot smo si za leto\u0161nje \u0161olsko leto zadale, smo tudi v pomlad vstopili s pravljico.<\/p>\n\n\n\n<p>Obiskala nas je ga. Vlasta Marko\u010di\u010d, ki nam je preko kami\u0161ibaja povedala zgodbo o tem kako je nastal Kras ter nas povabila k pripevanju pesmi o Zelo la\u010dni gosenici in Hudi mravljici.<\/p>\n\n\n\n<p>Sedaj pa \u017ee komaj \u010dakamo tople pomladne dni, da jih bomo lahko izkoristili za dalj\u0161e sprehode in bivanje v naravi.<\/p>\n\n\n\n<p>Gospe Vlasti se \u0161e enkrat zahvaljujemo, da si je vzela \u010das in nam s svojim obiskom popestrila dopoldan v vrtcu.<\/p>\n\n\n\n<p><\/p>\n\n\n\n<p>Besedilo: Katarina \u010cernigoj<\/p>\n\n\n\n<p>Fotografija: Mojca Mozeti\u010d<\/p>\n\n\n\n<div class=\"wp-block-buttons is-layout-flex wp-block-buttons-is-layout-flex\">\n<div class=\"wp-block-button\"><a class=\"wp-block-button__link wp-element-button\" href=\"https:\/\/vrtec-sezana.si\/?page_id=9448\">GALERIJA<\/a><\/div>\n<\/div>\n","protected":false},"excerpt":{"rendered":"<p>Pomlad je \u010das prebujanja narave in novih za\u010detkov. Tudi v vrtcu \u0160tanjel smo praznovali prvi pomladni dan. Kot smo si za leto\u0161nje \u0161olsko leto zadale, smo tudi v pomlad vstopili s pravljico. Obiskala nas je ga. Vlasta Marko\u010di\u010d, ki nam je preko&#8230;<\/p>\n","protected":false},"author":16,"featured_media":9458,"comment_status":"closed","ping_status":"closed","sticky":false,"template":"","format":"standard","meta":{"footnotes":""},"categories":[15],"tags":[],"jetpack_featured_media_url":"https:\/\/vrtec-sezana.si\/wp-content\/uploads\/2024\/03\/20240326_125117-scaled.jpg","_links":{"self":[{"href":"https:\/\/vrtec-sezana.si\/index.php?rest_route=\/wp\/v2\/posts\/9455"}],"collection":[{"href":"https:\/\/vrtec-sezana.si\/index.php?rest_route=\/wp\/v2\/posts"}],"about":[{"href":"https:\/\/vrtec-sezana.si\/index.php?rest_route=\/wp\/v2\/types\/post"}],"author":[{"embeddable":true,"href":"https:\/\/vrtec-sezana.si\/index.php?rest_route=\/wp\/v2\/users\/16"}],"replies":[{"embeddable":true,"href":"https:\/\/vrtec-sezana.si\/index.php?rest_route=%2Fwp%2Fv2%2Fcomments&post=9455"}],"version-history":[{"count":2,"href":"https:\/\/vrtec-sezana.si\/index.php?rest_route=\/wp\/v2\/posts\/9455\/revisions"}],"predecessor-version":[{"id":9457,"href":"https:\/\/vrtec-sezana.si\/index.php?rest_route=\/wp\/v2\/posts\/9455\/revisions\/9457"}],"wp:featuredmedia":[{"embeddable":true,"href":"https:\/\/vrtec-sezana.si\/index.php?rest_route=\/wp\/v2\/media\/9458"}],"wp:attachment":[{"href":"https:\/\/vrtec-sezana.si\/index.php?rest_route=%2Fwp%2Fv2%2Fmedia&parent=9455"}],"wp:term":[{"taxonomy":"category","embeddable":true,"href":"https:\/\/vrtec-sezana.si\/index.php?rest_route=%2Fwp%2Fv2%2Fcategories&post=9455"},{"taxonomy":"post_tag","embeddable":true,"href":"https:\/\/vrtec-sezana.si\/index.php?rest_route=%2Fwp%2Fv2%2Ftags&post=9455"}],"curies":[{"name":"wp","href":"https:\/\/api.w.org\/{rel}","templated":true}]}}