{"id":9445,"date":"2024-03-25T21:45:06","date_gmt":"2024-03-25T20:45:06","guid":{"rendered":"https:\/\/vrtec-sezana.si\/?p=9445"},"modified":"2024-03-25T21:46:34","modified_gmt":"2024-03-25T20:46:34","slug":"srecko-kosovel-in-medvedki-sladkosnedki","status":"publish","type":"post","link":"https:\/\/vrtec-sezana.si\/?p=9445","title":{"rendered":"Sre\u010dko Kosovel in Medvedki sladkosnedki"},"content":{"rendered":"\n<p>Svetovni dan poezije smo v enoti Se\u017eana obele\u017eili z branjem pesmi Sre\u010dka Kosovela. V knjigi\u00a0Medvedki sladkosnedki smo spoznali, kaj naredi burja, kako so otroci prali na\u0161ega pra\u0161i\u010dka,<br>se spra\u0161evali, kje je zvon\u010dek, trobentica in vijolica. Spoznali smo tudi, da son\u010dek bo\u017ea ta\u010dice,\u00a0na\u0161e bele ma\u010dice, da otrok nese son\u010dnico na rami in ali so medvedki res sladkosnedki.<br>Beseda poezija je za\u017eivela v prostorih na\u0161ih igralnic, kjer smo prebirali pesmi Sre\u010dka\u00a0Kosovela in se kak\u0161no tudi nau\u010dili. Z otroki smo se pogovarjali, kje se je rodil Sre\u010dko Kosovel, da imamo v Se\u017eani veliko stavb z njegovim imenom, kot so gledali\u0161\u010de, knji\u017enica,\u00a0osnovna \u0161ola\u2026<br>S tem smo se poklonili na\u0161emu velikemu kra\u0161kemu poetu, Sre\u010dku Kosovelu.<\/p>\n\n\n\n<p>Besedilo: \u0160pela Poljan\u0161ek<\/p>\n\n\n\n<div class=\"wp-block-buttons is-layout-flex wp-block-buttons-is-layout-flex\">\n<div class=\"wp-block-button\"><a class=\"wp-block-button__link wp-element-button\" href=\"https:\/\/vrtec-sezana.si\/?page_id=9429\">GALERIJA<\/a><\/div>\n<\/div>\n","protected":false},"excerpt":{"rendered":"<p>Svetovni dan poezije smo v enoti Se\u017eana obele\u017eili z branjem pesmi Sre\u010dka Kosovela. V knjigi\u00a0Medvedki sladkosnedki smo spoznali, kaj naredi burja, kako so otroci prali na\u0161ega pra\u0161i\u010dka,se spra\u0161evali, kje je zvon\u010dek, trobentica in vijolica. Spoznali smo tudi, da son\u010dek bo\u017ea ta\u010dice,\u00a0na\u0161e bele&#8230;<\/p>\n","protected":false},"author":5,"featured_media":9436,"comment_status":"closed","ping_status":"closed","sticky":false,"template":"","format":"standard","meta":{"footnotes":""},"categories":[8],"tags":[],"jetpack_featured_media_url":"https:\/\/vrtec-sezana.si\/wp-content\/uploads\/2024\/03\/IMG_1142-scaled.jpg","_links":{"self":[{"href":"https:\/\/vrtec-sezana.si\/index.php?rest_route=\/wp\/v2\/posts\/9445"}],"collection":[{"href":"https:\/\/vrtec-sezana.si\/index.php?rest_route=\/wp\/v2\/posts"}],"about":[{"href":"https:\/\/vrtec-sezana.si\/index.php?rest_route=\/wp\/v2\/types\/post"}],"author":[{"embeddable":true,"href":"https:\/\/vrtec-sezana.si\/index.php?rest_route=\/wp\/v2\/users\/5"}],"replies":[{"embeddable":true,"href":"https:\/\/vrtec-sezana.si\/index.php?rest_route=%2Fwp%2Fv2%2Fcomments&post=9445"}],"version-history":[{"count":2,"href":"https:\/\/vrtec-sezana.si\/index.php?rest_route=\/wp\/v2\/posts\/9445\/revisions"}],"predecessor-version":[{"id":9447,"href":"https:\/\/vrtec-sezana.si\/index.php?rest_route=\/wp\/v2\/posts\/9445\/revisions\/9447"}],"wp:featuredmedia":[{"embeddable":true,"href":"https:\/\/vrtec-sezana.si\/index.php?rest_route=\/wp\/v2\/media\/9436"}],"wp:attachment":[{"href":"https:\/\/vrtec-sezana.si\/index.php?rest_route=%2Fwp%2Fv2%2Fmedia&parent=9445"}],"wp:term":[{"taxonomy":"category","embeddable":true,"href":"https:\/\/vrtec-sezana.si\/index.php?rest_route=%2Fwp%2Fv2%2Fcategories&post=9445"},{"taxonomy":"post_tag","embeddable":true,"href":"https:\/\/vrtec-sezana.si\/index.php?rest_route=%2Fwp%2Fv2%2Ftags&post=9445"}],"curies":[{"name":"wp","href":"https:\/\/api.w.org\/{rel}","templated":true}]}}