{"id":917,"date":"2023-10-06T14:11:00","date_gmt":"2023-10-06T13:11:00","guid":{"rendered":"http:\/\/977.ablak.arnes.si\/?p=917"},"modified":"2024-02-21T14:20:46","modified_gmt":"2024-02-21T13:20:46","slug":"otroci-iz-skupin-zabice-in-netopircki-smo-se-odpravili-na-pohod-v-zivi-muzej-krasa","status":"publish","type":"post","link":"https:\/\/vrtec-sezana.si\/?p=917","title":{"rendered":"OTROCI IZ SKUPIN \u017dABICE IN NETOPIR\u010cKI SMO SE ODPRAVILI NA POHOD V \u017dIVI MUZEJ KRASA"},"content":{"rendered":"\n<p>Potrebnih je kar nekaj ve\u0161\u010din tudi za pohod, ki se nam odraslim zdijo samoumevne, otroci pa jih pridobivajo skozi vsakodnevne izku\u0161nje. \u017de sama varna hoja ob prometni cesti je lahko za otroka velik izziv. Skrb za prijatelja, ki ga dr\u017ei za roko je velika odgovornost za otroka. Pomemben je tudi odgovoren odnos do svojega nahrbtnika in njegove vsebine, da karkoli ne ostane v naravi. Otrok se v okolici u\u010di spo\u0161tovanja odraslih (pozdravjanje), ter spremljanja okolice (spremembe v naravi, promet, arhitektura, \u017eivali, \u2026). Ob tokratnem izletu, pa&nbsp;&nbsp;smo se dotaknili tudi pomena ohranjanja kulturne in naravne dedi\u0161\u010dine na\u0161ih prednikov.&nbsp;<\/p>\n\n\n\n<p>\u017divi muzej Krasa je tematski park v naravi in u\u010dna pot.&nbsp;<em>Muzej na prostem prikazuje dedi\u0161\u010dino, ki je zaradi bli\u017eine meje ostala skoraj nedotaknjena vse od konca&nbsp;druge svetovne vojne.<\/em><em>&nbsp;Veliki poznavalec Krasa, dr. Stanislav Ren\u010delj, o \u017divemu muzeju Krasa pravi: \u201cTo obmo\u010dje je skozi stoletja sooblikoval \u010dlovek s svojim delom. \u0160e \u017eive\u010de generacije vedo povedati, kako so \u010distili gmajno ter zlagali kamenje v gri\u017ee in suhe zidove. Ob te\u017ea\u0161kem delu so na\u0161li \u0161e voljo za zidavo pastirskih hi\u0161k. Ob su\u0161nih letih so komaj prepasli \u017eivino. \/\u2026\/. Poznali so vsak kamen, vsako dolino in ogrado. V kalih in \u0161tirnah so varovali vsako kapljo vode. \/\u2026\/. \u017divi muzej Krasa naj ohranja spo\u0161tljiv odnos do \u010dasa, ko so generacije tu aktivno kmetovale za vsakdanji kruh.\u201d<\/em><\/p>\n\n\n\n<p>Na tokratnem pohodu smo si ogledali pastirsko zavetje in suhi zid.&nbsp;<em>Suhi zidovi danes veljajo za posebnost Krasa, saj dajejo zna\u010dilnost in estetiko kra\u0161ki kulturni krajini. Ob \u010di\u0161\u010denju pa\u0161nikov in travnikov so odstranjeno, neobdelano kamenje zlagali v zidove, pri tem pa niso uporabljali malte ali drugega veziva, zaradi \u010desar so dobili ime kra\u0161ki suhi zidovi. Pastirske hi\u0161ke so izraz \u017eivljenja kra\u0161kega \u010dloveka, ki se je pre\u017eivljal s kmetovanjem. Zanje je zna\u010dilna ljudska arhitektura iz neobdelanega kamna, ki so ga odstranjevali iz gmajn in ograd. Hi\u0161ke, ki so pastirjem nudile zavetje pred burjo in de\u017ejem, so gradili kot samostoje\u010de ali prislonjene ob velike stene oziroma suhe zidove.&nbsp;<\/em><\/p>\n\n\n\n<p>Otroci so si z zanimanjem ogledovali pastirsko zavetje in hi\u0161ke. Ob tem pa so radi tekali po travnikih in nabirali jesenske listke vseh barv. Na poti nazaj so tudi zapeli. \u0160e se bomo vra\u010dali..<\/p>\n\n\n\n<p>Avtor prispevka: Anja Kristan<\/p>\n\n\n\n<p>Fotografije: Anja Vi\u0161\u010dek in Leonida Grgi\u010d Bizjak<\/p>\n\n\n\n<p>Vir:<\/p>\n\n\n\n<p>\u2013 https:\/\/www.visitkras.info\/zivi-muzej-krasa<\/p>\n\n\n\n<p>\u2013 https:\/\/sl.wikipedia.org\/wiki\/%C5%BDivi_muzej_Krasa<\/p>\n\n\n\n<div class=\"wp-block-buttons is-layout-flex wp-block-buttons-is-layout-flex\">\n<div class=\"wp-block-button\"><a class=\"wp-block-button__link wp-element-button\" href=\"https:\/\/vrtec-sezana.si\/?page_id=2356\">GALERIJA<\/a><\/div>\n<\/div>\n","protected":false},"excerpt":{"rendered":"<p>Potrebnih je kar nekaj ve\u0161\u010din tudi za pohod, ki se nam odraslim zdijo samoumevne, otroci pa jih pridobivajo skozi vsakodnevne izku\u0161nje. \u017de sama varna hoja ob prometni cesti je lahko za otroka velik izziv. Skrb za prijatelja, ki ga dr\u017ei za roko&#8230;<\/p>\n","protected":false},"author":1,"featured_media":340,"comment_status":"closed","ping_status":"closed","sticky":false,"template":"","format":"standard","meta":{"footnotes":""},"categories":[8],"tags":[],"jetpack_featured_media_url":"https:\/\/vrtec-sezana.si\/wp-content\/uploads\/2023\/11\/OpisSezana.jpg","_links":{"self":[{"href":"https:\/\/vrtec-sezana.si\/index.php?rest_route=\/wp\/v2\/posts\/917"}],"collection":[{"href":"https:\/\/vrtec-sezana.si\/index.php?rest_route=\/wp\/v2\/posts"}],"about":[{"href":"https:\/\/vrtec-sezana.si\/index.php?rest_route=\/wp\/v2\/types\/post"}],"author":[{"embeddable":true,"href":"https:\/\/vrtec-sezana.si\/index.php?rest_route=\/wp\/v2\/users\/1"}],"replies":[{"embeddable":true,"href":"https:\/\/vrtec-sezana.si\/index.php?rest_route=%2Fwp%2Fv2%2Fcomments&post=917"}],"version-history":[{"count":3,"href":"https:\/\/vrtec-sezana.si\/index.php?rest_route=\/wp\/v2\/posts\/917\/revisions"}],"predecessor-version":[{"id":7311,"href":"https:\/\/vrtec-sezana.si\/index.php?rest_route=\/wp\/v2\/posts\/917\/revisions\/7311"}],"wp:featuredmedia":[{"embeddable":true,"href":"https:\/\/vrtec-sezana.si\/index.php?rest_route=\/wp\/v2\/media\/340"}],"wp:attachment":[{"href":"https:\/\/vrtec-sezana.si\/index.php?rest_route=%2Fwp%2Fv2%2Fmedia&parent=917"}],"wp:term":[{"taxonomy":"category","embeddable":true,"href":"https:\/\/vrtec-sezana.si\/index.php?rest_route=%2Fwp%2Fv2%2Fcategories&post=917"},{"taxonomy":"post_tag","embeddable":true,"href":"https:\/\/vrtec-sezana.si\/index.php?rest_route=%2Fwp%2Fv2%2Ftags&post=917"}],"curies":[{"name":"wp","href":"https:\/\/api.w.org\/{rel}","templated":true}]}}