{"id":9128,"date":"2024-03-20T21:19:42","date_gmt":"2024-03-20T20:19:42","guid":{"rendered":"https:\/\/vrtec-sezana.si\/?p=9128"},"modified":"2024-03-20T21:19:42","modified_gmt":"2024-03-20T20:19:42","slug":"gregorcki","status":"publish","type":"post","link":"https:\/\/vrtec-sezana.si\/?p=9128","title":{"rendered":"Gregor\u010dki"},"content":{"rendered":"\n<p>Tudi letos smo se, skupina Son\u010dki, pridru\u017eili otrokom iz vrtca \u0160tanjel in u\u010dencem podru\u017eni\u010dne \u0161ole \u0160tanjel, pri obele\u017eitvi gregorjevega in pozdravu pomladi, s spu\u0161\u010danjem gregor\u010dkov.<\/p>\n\n\n\n<p>Gregor\u010dka so otroci najprej skupaj s star\u0161i izdelali doma ter ga potem prinesli v vrtec, da smo naredili razstavo.<\/p>\n\n\n\n<p>V torek, 12. marca, pa smo se zbrali v osnovni \u0161oli, kjer je sledil kratek kulturni program. Predstavili smo se s plesom o Zaj\u010dku in deklamacijo Deset prstkov. Po kon\u010danem nastopu, smo se v soju lu\u010di odpravili v Ferrarijev vrt, kjer smo na\u0161e gregor\u010dke spustili v ribnik. Ob\u010dudovali smo jih kako plavajo na gladini in se zibljejo v soju lu\u010di.<\/p>\n\n\n\n<p>Bilo je zelo lepo in za vse otroke kot tudi za nas odrasle, prav posebno do\u017eivetje.<\/p>\n\n\n\n<p>Besedilo: Mateja Be\u017eek Kosma\u010d<\/p>\n\n\n\n<p>Fotografije: Arhiv enote<\/p>\n\n\n\n<div class=\"wp-block-buttons is-layout-flex wp-block-buttons-is-layout-flex\">\n<div class=\"wp-block-button\"><a class=\"wp-block-button__link wp-element-button\" href=\"https:\/\/vrtec-sezana.si\/?page_id=9124\">GALERIJA<\/a><\/div>\n<\/div>\n","protected":false},"excerpt":{"rendered":"<p>Tudi letos smo se, skupina Son\u010dki, pridru\u017eili otrokom iz vrtca \u0160tanjel in u\u010dencem podru\u017eni\u010dne \u0161ole \u0160tanjel, pri obele\u017eitvi gregorjevega in pozdravu pomladi, s spu\u0161\u010danjem gregor\u010dkov. Gregor\u010dka so otroci najprej skupaj s star\u0161i izdelali doma ter ga potem prinesli v vrtec, da smo&#8230;<\/p>\n","protected":false},"author":32,"featured_media":9130,"comment_status":"closed","ping_status":"closed","sticky":false,"template":"","format":"standard","meta":{"footnotes":""},"categories":[12],"tags":[],"jetpack_featured_media_url":"https:\/\/vrtec-sezana.si\/wp-content\/uploads\/2024\/03\/za-naslovnico-scaled.jpg","_links":{"self":[{"href":"https:\/\/vrtec-sezana.si\/index.php?rest_route=\/wp\/v2\/posts\/9128"}],"collection":[{"href":"https:\/\/vrtec-sezana.si\/index.php?rest_route=\/wp\/v2\/posts"}],"about":[{"href":"https:\/\/vrtec-sezana.si\/index.php?rest_route=\/wp\/v2\/types\/post"}],"author":[{"embeddable":true,"href":"https:\/\/vrtec-sezana.si\/index.php?rest_route=\/wp\/v2\/users\/32"}],"replies":[{"embeddable":true,"href":"https:\/\/vrtec-sezana.si\/index.php?rest_route=%2Fwp%2Fv2%2Fcomments&post=9128"}],"version-history":[{"count":1,"href":"https:\/\/vrtec-sezana.si\/index.php?rest_route=\/wp\/v2\/posts\/9128\/revisions"}],"predecessor-version":[{"id":9131,"href":"https:\/\/vrtec-sezana.si\/index.php?rest_route=\/wp\/v2\/posts\/9128\/revisions\/9131"}],"wp:featuredmedia":[{"embeddable":true,"href":"https:\/\/vrtec-sezana.si\/index.php?rest_route=\/wp\/v2\/media\/9130"}],"wp:attachment":[{"href":"https:\/\/vrtec-sezana.si\/index.php?rest_route=%2Fwp%2Fv2%2Fmedia&parent=9128"}],"wp:term":[{"taxonomy":"category","embeddable":true,"href":"https:\/\/vrtec-sezana.si\/index.php?rest_route=%2Fwp%2Fv2%2Fcategories&post=9128"},{"taxonomy":"post_tag","embeddable":true,"href":"https:\/\/vrtec-sezana.si\/index.php?rest_route=%2Fwp%2Fv2%2Ftags&post=9128"}],"curies":[{"name":"wp","href":"https:\/\/api.w.org\/{rel}","templated":true}]}}