{"id":911,"date":"2023-10-15T14:07:00","date_gmt":"2023-10-15T13:07:00","guid":{"rendered":"http:\/\/977.ablak.arnes.si\/?p=911"},"modified":"2024-02-19T14:54:17","modified_gmt":"2024-02-19T13:54:17","slug":"september-pri-levih","status":"publish","type":"post","link":"https:\/\/vrtec-sezana.si\/?p=911","title":{"rendered":"SEPTEMBER PRI LEVIH"},"content":{"rendered":"\n<p>V septembru smo otroci skupine Levov veselo odkorakali v novo \u0161olsko leto. Med nami smo sprejeli novega \u010dlana iz sosedove skupine.<\/p>\n\n\n\n<p>Najprej smo si okrasili igralnico, tako da smo poslikali kartonaste kroge in jih obesili. Veliko \u010dasa smo pre\u017eiveli po okolici vrtca: obiskali smo ribnik pri bolnici, igrali se v gozdu, poskusili vsa igri\u0161\u010da v Se\u017eani in \u0161e marsikaj.<\/p>\n\n\n\n<p>12. septembra smo se odpravil na hrib Tabor skupaj z otroki skupine Netopir\u010dkov. Otroci so ponosno in brez velikih te\u017eav osvojili vrh. Ogledali smo si tudi arheolo\u0161ke ostaline na vrhu Tabora. Najbolj zabaven pa je bil spust po strmi poti navzdol!<\/p>\n\n\n\n<p>V vrtcu so se nam predstavile baletke iz Se\u017eane ter ma\u017eoretke iz Povirja. Deklice so bile na baletna krila zelo navdu\u0161ene, tako da smo balet ob klasi\u010dni muziki imeli tudi v na\u0161i igralnici.<\/p>\n\n\n\n<p>Sli\u0161ali smo, da je pri\u0161el cirkus v mesto in tako smo ga \u0161li poiskat ter ga na\u0161li!<\/p>\n\n\n\n<p>Besedilo: Andrea Roberti<\/p>\n\n\n\n<p>Fotografije: Andrea Roberti<\/p>\n\n\n\n<div class=\"wp-block-buttons is-layout-flex wp-block-buttons-is-layout-flex\">\n<div class=\"wp-block-button\"><a class=\"wp-block-button__link wp-element-button\" href=\"https:\/\/vrtec-sezana.si\/?page_id=2311\">GALERIJA<\/a><\/div>\n<\/div>\n","protected":false},"excerpt":{"rendered":"<p>V septembru smo otroci skupine Levov veselo odkorakali v novo \u0161olsko leto. Med nami smo sprejeli novega \u010dlana iz sosedove skupine. Najprej smo si okrasili igralnico, tako da smo poslikali kartonaste kroge in jih obesili. Veliko \u010dasa smo pre\u017eiveli po okolici vrtca:&#8230;<\/p>\n","protected":false},"author":1,"featured_media":340,"comment_status":"closed","ping_status":"closed","sticky":false,"template":"","format":"standard","meta":{"footnotes":""},"categories":[8],"tags":[],"jetpack_featured_media_url":"https:\/\/vrtec-sezana.si\/wp-content\/uploads\/2023\/11\/OpisSezana.jpg","_links":{"self":[{"href":"https:\/\/vrtec-sezana.si\/index.php?rest_route=\/wp\/v2\/posts\/911"}],"collection":[{"href":"https:\/\/vrtec-sezana.si\/index.php?rest_route=\/wp\/v2\/posts"}],"about":[{"href":"https:\/\/vrtec-sezana.si\/index.php?rest_route=\/wp\/v2\/types\/post"}],"author":[{"embeddable":true,"href":"https:\/\/vrtec-sezana.si\/index.php?rest_route=\/wp\/v2\/users\/1"}],"replies":[{"embeddable":true,"href":"https:\/\/vrtec-sezana.si\/index.php?rest_route=%2Fwp%2Fv2%2Fcomments&post=911"}],"version-history":[{"count":3,"href":"https:\/\/vrtec-sezana.si\/index.php?rest_route=\/wp\/v2\/posts\/911\/revisions"}],"predecessor-version":[{"id":7148,"href":"https:\/\/vrtec-sezana.si\/index.php?rest_route=\/wp\/v2\/posts\/911\/revisions\/7148"}],"wp:featuredmedia":[{"embeddable":true,"href":"https:\/\/vrtec-sezana.si\/index.php?rest_route=\/wp\/v2\/media\/340"}],"wp:attachment":[{"href":"https:\/\/vrtec-sezana.si\/index.php?rest_route=%2Fwp%2Fv2%2Fmedia&parent=911"}],"wp:term":[{"taxonomy":"category","embeddable":true,"href":"https:\/\/vrtec-sezana.si\/index.php?rest_route=%2Fwp%2Fv2%2Fcategories&post=911"},{"taxonomy":"post_tag","embeddable":true,"href":"https:\/\/vrtec-sezana.si\/index.php?rest_route=%2Fwp%2Fv2%2Ftags&post=911"}],"curies":[{"name":"wp","href":"https:\/\/api.w.org\/{rel}","templated":true}]}}