{"id":9093,"date":"2024-03-20T13:10:03","date_gmt":"2024-03-20T12:10:03","guid":{"rendered":"https:\/\/vrtec-sezana.si\/?p=9093"},"modified":"2024-03-20T13:10:04","modified_gmt":"2024-03-20T12:10:04","slug":"gibalno-srecanje-s-starsi-v-druzbi-poskokca","status":"publish","type":"post","link":"https:\/\/vrtec-sezana.si\/?p=9093","title":{"rendered":"Gibalno sre\u010danje s star\u0161i v dru\u017ebi Poskokca"},"content":{"rendered":"\n<p>V tednu, ko so praznovale tako mame \u2013 dan \u017eena kot o\u010detje \u2013 dan mu\u010dencev, smo jih povabili na na\u0161e skupno sre\u010danje oddelka. Na njihovo \u017eeljo (dogovor iz prvega roditeljskega sestanka) smo jim pripravili gibalno dejavnost s Poskokcem.<\/p>\n\n\n\n<p>Dobili smo se v telovadnici osnovne \u0161ole. Po uvodnem pozdravu smo se prepustili na\u0161i Nicol, ki je ob enem tudi vaditeljica \u0160portnega dru\u0161tva Poskokec. Skupaj z njo smo se najprej ogreli z dvema gibalnima igricama, nato pa smo se podali na razne gibalne izzive na poligonu, ki nam ga je pripravila.<\/p>\n\n\n\n<p>Za zaklju\u010dek dejavnosti in umiritev pa smo pri\u0161li na vrsto mi s svojim nastopom. Star\u0161em smo namre\u010d \u017eeleli predstaviti del\u010dek tistega, kar po\u010dnemo v vrtcu \u2013 ven\u010dek dejavnosti, ki so ga sestavljali ples, bibarije, iz\u0161tevanke, rajalne igre, pesmice in deklamacije. Obdarili pa smo jih tudi z ro\u010dico, ki smo jo v ta namen izdelali zanje.<\/p>\n\n\n\n<p>\u010cisto za konec sre\u010danjapa je presene\u010denje \u010dakalo \u0161e otroke. Obiskal nas je pravi Poskokec \u2013 zajec \u2013 maskota \u0160D Poskokec.<\/p>\n\n\n\n<p>Preden zaklju\u010dim, se lahko pohvalim, da so se sre\u010danja udele\u017eili \u010disto vsi otroci v dru\u017ebi vsaj enega od star\u0161ev, ve\u010dina pa, kar z obema, ali celo dru\u017eino. Med nami je bila pohvalno, tudi ena nona (babica). Slednje nam daje znak, da nam star\u0161i zaupate in da se v na\u0161i dru\u017ebi o\u010ditno dobro po\u010dutite. Hvala vam!<\/p>\n\n\n\n<p>Besedilo: Agata Masten<\/p>\n\n\n\n<p>Fotografija: Arhiv enote Komen<\/p>\n\n\n\n<div class=\"wp-block-buttons is-layout-flex wp-block-buttons-is-layout-flex\">\n<div class=\"wp-block-button\"><a class=\"wp-block-button__link wp-element-button\" href=\"https:\/\/vrtec-sezana.si\/?page_id=9080\">GALERIJA<\/a><\/div>\n<\/div>\n\n\n\n<p><\/p>\n","protected":false},"excerpt":{"rendered":"<p>V tednu, ko so praznovale tako mame \u2013 dan \u017eena kot o\u010detje \u2013 dan mu\u010dencev, smo jih povabili na na\u0161e skupno sre\u010danje oddelka. Na njihovo \u017eeljo (dogovor iz prvega roditeljskega sestanka) smo jim pripravili gibalno dejavnost s Poskokcem. Dobili smo se v&#8230;<\/p>\n","protected":false},"author":31,"featured_media":9095,"comment_status":"closed","ping_status":"closed","sticky":false,"template":"","format":"standard","meta":{"footnotes":""},"categories":[12],"tags":[],"jetpack_featured_media_url":"https:\/\/vrtec-sezana.si\/wp-content\/uploads\/2024\/03\/IMG_2066-scaled.jpg","_links":{"self":[{"href":"https:\/\/vrtec-sezana.si\/index.php?rest_route=\/wp\/v2\/posts\/9093"}],"collection":[{"href":"https:\/\/vrtec-sezana.si\/index.php?rest_route=\/wp\/v2\/posts"}],"about":[{"href":"https:\/\/vrtec-sezana.si\/index.php?rest_route=\/wp\/v2\/types\/post"}],"author":[{"embeddable":true,"href":"https:\/\/vrtec-sezana.si\/index.php?rest_route=\/wp\/v2\/users\/31"}],"replies":[{"embeddable":true,"href":"https:\/\/vrtec-sezana.si\/index.php?rest_route=%2Fwp%2Fv2%2Fcomments&post=9093"}],"version-history":[{"count":1,"href":"https:\/\/vrtec-sezana.si\/index.php?rest_route=\/wp\/v2\/posts\/9093\/revisions"}],"predecessor-version":[{"id":9096,"href":"https:\/\/vrtec-sezana.si\/index.php?rest_route=\/wp\/v2\/posts\/9093\/revisions\/9096"}],"wp:featuredmedia":[{"embeddable":true,"href":"https:\/\/vrtec-sezana.si\/index.php?rest_route=\/wp\/v2\/media\/9095"}],"wp:attachment":[{"href":"https:\/\/vrtec-sezana.si\/index.php?rest_route=%2Fwp%2Fv2%2Fmedia&parent=9093"}],"wp:term":[{"taxonomy":"category","embeddable":true,"href":"https:\/\/vrtec-sezana.si\/index.php?rest_route=%2Fwp%2Fv2%2Fcategories&post=9093"},{"taxonomy":"post_tag","embeddable":true,"href":"https:\/\/vrtec-sezana.si\/index.php?rest_route=%2Fwp%2Fv2%2Ftags&post=9093"}],"curies":[{"name":"wp","href":"https:\/\/api.w.org\/{rel}","templated":true}]}}