{"id":909,"date":"2023-10-19T14:04:00","date_gmt":"2023-10-19T13:04:00","guid":{"rendered":"http:\/\/977.ablak.arnes.si\/?p=909"},"modified":"2024-02-19T14:50:45","modified_gmt":"2024-02-19T13:50:45","slug":"v-tednu-otroka-smo-zdruzili-moci-za-okolje-z-akcijo-zbiranja-starega-papirja","status":"publish","type":"post","link":"https:\/\/vrtec-sezana.si\/?p=909","title":{"rendered":"V TEDNU OTROKA SMO ZDRU\u017dILI MO\u010cI ZA OKOLJE Z AKCIJO ZBIRANJA STAREGA PAPIRJA."},"content":{"rendered":"\n<p>Letos s temo zakaji in zatoji radovednosti.<\/p>\n\n\n\n<p>Radovednost pomeni zanimanje za razli\u010dne stvari. Vodi nas k odkrivanju sveta okoli nas in raziskovanju znanja. Ko smo radovedni, se \u00bbaktiviramo\u00ab in za\u010dnemo raziskovati tisto, kar nas zanima. Z radovednostjo napredujemo, prihajamo do novega znanja, novih izku\u0161enj in spoznanj.<\/p>\n\n\n\n<p>Najpogostej\u0161e otro\u0161ko vpra\u0161anje je \u00bbzakaj?\u00ab, odgovor pa se najpogosteje za\u010dne z \u00bbzato\u00ab.<\/p>\n\n\n\n<p>Pogosto nas otroci vpra\u0161ajo, zakaj lo\u010dujemo odpadke, kam jih peljejo, kaj lahko naredimo iz odpadnega materiala. Odlo\u010dili smo se, da bomo na nekaj zakajev poiskali odgovore med na\u0161o zbiralno akcijo.<\/p>\n\n\n\n<p>V na\u0161i enoti so pri zbiranju odpadnega papirja sodelovale vse skupine. Skupaj s star\u0161i nam je v enem tednu uspelo zbrati 2.197.60 kilogramov odpadnega papirja. Napolnili smo skoraj dva polna kovinska zabojnika. Na skupni razglasitvi rezultatov smo zmagovalcu za njihov trud in vnemo podelili simboli\u010dno nagrado in priznanje. Najve\u010d papirja so zbrali na\u0161i \u00bbBobri\u00ab.&nbsp;<\/p>\n\n\n\n<p>Akcija je bila tako uspe\u0161na, da smo se odlo\u010dili, da bomo \u010dez celo leto nadaljevali z zbiranjem odpadnega papirja. Prav vsi, tako otroci kot star\u0161i, ste povabljeni, da vsak dan prinesete papir v vrtec. Na ta na\u010din bomo \u0161e naprej prispevali k ohranjanju na\u0161ega planeta.<\/p>\n\n\n\n<p>Vsem otrokom, star\u0161em in prijateljem se zahvaljujemo za pomo\u010d pri na\u0161i akciji.<\/p>\n\n\n\n<p>Strokovne delavke tima za jesenske dejavnosti.<\/p>\n\n\n\n<p>Besedilo: Mojca Mo\u017ee \u0160kapin<\/p>\n\n\n\n<p>Fotografije: arhiv vrtca Se\u017eana<\/p>\n\n\n\n<div class=\"wp-block-buttons is-layout-flex wp-block-buttons-is-layout-flex\">\n<div class=\"wp-block-button\"><a class=\"wp-block-button__link wp-element-button\" href=\"https:\/\/vrtec-sezana.si\/?page_id=2296\">GALERIJA<\/a><\/div>\n<\/div>\n","protected":false},"excerpt":{"rendered":"<p>Letos s temo zakaji in zatoji radovednosti. Radovednost pomeni zanimanje za razli\u010dne stvari. Vodi nas k odkrivanju sveta okoli nas in raziskovanju znanja. Ko smo radovedni, se \u00bbaktiviramo\u00ab in za\u010dnemo raziskovati tisto, kar nas zanima. Z radovednostjo napredujemo, prihajamo do novega znanja,&#8230;<\/p>\n","protected":false},"author":1,"featured_media":340,"comment_status":"closed","ping_status":"closed","sticky":false,"template":"","format":"standard","meta":{"footnotes":""},"categories":[8],"tags":[],"jetpack_featured_media_url":"https:\/\/vrtec-sezana.si\/wp-content\/uploads\/2023\/11\/OpisSezana.jpg","_links":{"self":[{"href":"https:\/\/vrtec-sezana.si\/index.php?rest_route=\/wp\/v2\/posts\/909"}],"collection":[{"href":"https:\/\/vrtec-sezana.si\/index.php?rest_route=\/wp\/v2\/posts"}],"about":[{"href":"https:\/\/vrtec-sezana.si\/index.php?rest_route=\/wp\/v2\/types\/post"}],"author":[{"embeddable":true,"href":"https:\/\/vrtec-sezana.si\/index.php?rest_route=\/wp\/v2\/users\/1"}],"replies":[{"embeddable":true,"href":"https:\/\/vrtec-sezana.si\/index.php?rest_route=%2Fwp%2Fv2%2Fcomments&post=909"}],"version-history":[{"count":3,"href":"https:\/\/vrtec-sezana.si\/index.php?rest_route=\/wp\/v2\/posts\/909\/revisions"}],"predecessor-version":[{"id":7137,"href":"https:\/\/vrtec-sezana.si\/index.php?rest_route=\/wp\/v2\/posts\/909\/revisions\/7137"}],"wp:featuredmedia":[{"embeddable":true,"href":"https:\/\/vrtec-sezana.si\/index.php?rest_route=\/wp\/v2\/media\/340"}],"wp:attachment":[{"href":"https:\/\/vrtec-sezana.si\/index.php?rest_route=%2Fwp%2Fv2%2Fmedia&parent=909"}],"wp:term":[{"taxonomy":"category","embeddable":true,"href":"https:\/\/vrtec-sezana.si\/index.php?rest_route=%2Fwp%2Fv2%2Fcategories&post=909"},{"taxonomy":"post_tag","embeddable":true,"href":"https:\/\/vrtec-sezana.si\/index.php?rest_route=%2Fwp%2Fv2%2Ftags&post=909"}],"curies":[{"name":"wp","href":"https:\/\/api.w.org\/{rel}","templated":true}]}}