{"id":9074,"date":"2024-03-19T13:10:15","date_gmt":"2024-03-19T12:10:15","guid":{"rendered":"https:\/\/vrtec-sezana.si\/?p=9074"},"modified":"2024-03-19T13:11:08","modified_gmt":"2024-03-19T12:11:08","slug":"obelezitev-kulturnega-praznika","status":"publish","type":"post","link":"https:\/\/vrtec-sezana.si\/?p=9074","title":{"rendered":"Obele\u017eitev kulturnega praznika"},"content":{"rendered":"\n<p>Kdo pravi, da smo mi v vrtcu \u0161e premajhni za praznovanje dr\u017eavnih praznikov. Da ni tako, smo dokazali z obele\u017eitvijo kulturnega praznika. Na dan pred samim praznikom, 7. februarja smo se zbrali v skupnih prostorih vrtca vsi oddelki enote. Ob projekciji smo spoznali vse tri dr\u017eavne simbole \u2013 \u00bbhimno\u00ab katere besedilo je napisal na\u0161 veliki pesnik France Pre\u0161eren, \u00bbgrb\u00ab katerega elemente smo tudi podrobno opisali ter \u00bbzastavo\u00ab. Otroci, predvsem tisti starej\u0161i so znali povedati, kje jih lahko sre\u010dujemo \u2013 vidimo in sli\u0161imo: <em>Na tekmah (npr. nogometnih), v Planici (ko zmagajo na\u0161i \u2026), na televiziji, tudi doma obesimo zastavo \u2026<\/em> so povedali. Ob zvokih himne smo zastavo tudi dvignili in to stoje spremljali ter se tako dr\u017eali protokola. Otroci iz oddelka Lev\u010dki so pripravili tudi plakat o kulturnem prazniku, na katerega so umestili na\u0161e tri dr\u017eavne simbole.<\/p>\n\n\n\n<p>Besedilo: Agata Masten<\/p>\n\n\n\n<p>Fotografije: arhiv enote Komen<\/p>\n\n\n\n<div class=\"wp-block-buttons is-layout-flex wp-block-buttons-is-layout-flex\">\n<div class=\"wp-block-button\"><a class=\"wp-block-button__link wp-element-button\" href=\"https:\/\/vrtec-sezana.si\/?page_id=9067\">GALERIJA<\/a><\/div>\n<\/div>\n\n\n\n<p><\/p>\n","protected":false},"excerpt":{"rendered":"<p>Kdo pravi, da smo mi v vrtcu \u0161e premajhni za praznovanje dr\u017eavnih praznikov. Da ni tako, smo dokazali z obele\u017eitvijo kulturnega praznika. Na dan pred samim praznikom, 7. februarja smo se zbrali v skupnih prostorih vrtca vsi oddelki enote. Ob projekciji smo&#8230;<\/p>\n","protected":false},"author":31,"featured_media":9075,"comment_status":"closed","ping_status":"closed","sticky":false,"template":"","format":"standard","meta":{"footnotes":""},"categories":[12],"tags":[],"jetpack_featured_media_url":"https:\/\/vrtec-sezana.si\/wp-content\/uploads\/2024\/03\/20240207_121426-scaled.jpg","_links":{"self":[{"href":"https:\/\/vrtec-sezana.si\/index.php?rest_route=\/wp\/v2\/posts\/9074"}],"collection":[{"href":"https:\/\/vrtec-sezana.si\/index.php?rest_route=\/wp\/v2\/posts"}],"about":[{"href":"https:\/\/vrtec-sezana.si\/index.php?rest_route=\/wp\/v2\/types\/post"}],"author":[{"embeddable":true,"href":"https:\/\/vrtec-sezana.si\/index.php?rest_route=\/wp\/v2\/users\/31"}],"replies":[{"embeddable":true,"href":"https:\/\/vrtec-sezana.si\/index.php?rest_route=%2Fwp%2Fv2%2Fcomments&post=9074"}],"version-history":[{"count":2,"href":"https:\/\/vrtec-sezana.si\/index.php?rest_route=\/wp\/v2\/posts\/9074\/revisions"}],"predecessor-version":[{"id":9077,"href":"https:\/\/vrtec-sezana.si\/index.php?rest_route=\/wp\/v2\/posts\/9074\/revisions\/9077"}],"wp:featuredmedia":[{"embeddable":true,"href":"https:\/\/vrtec-sezana.si\/index.php?rest_route=\/wp\/v2\/media\/9075"}],"wp:attachment":[{"href":"https:\/\/vrtec-sezana.si\/index.php?rest_route=%2Fwp%2Fv2%2Fmedia&parent=9074"}],"wp:term":[{"taxonomy":"category","embeddable":true,"href":"https:\/\/vrtec-sezana.si\/index.php?rest_route=%2Fwp%2Fv2%2Fcategories&post=9074"},{"taxonomy":"post_tag","embeddable":true,"href":"https:\/\/vrtec-sezana.si\/index.php?rest_route=%2Fwp%2Fv2%2Ftags&post=9074"}],"curies":[{"name":"wp","href":"https:\/\/api.w.org\/{rel}","templated":true}]}}