{"id":8835,"date":"2024-03-11T21:24:00","date_gmt":"2024-03-11T20:24:00","guid":{"rendered":"https:\/\/vrtec-sezana.si\/?p=8835"},"modified":"2024-03-11T21:24:01","modified_gmt":"2024-03-11T20:24:01","slug":"vrtec-na-obisku-v-hrpeljski-solski-zobni-ambulanti","status":"publish","type":"post","link":"https:\/\/vrtec-sezana.si\/?p=8835","title":{"rendered":"Vrtec na obisku v hrpeljski \u0161olski zobni ambulanti"},"content":{"rendered":"\n<p>V mesecu februarju so bili otroci pred\u0161olskih skupin Muren\u010dki, \u017dabice in Pikapolonice iz vrtca Hrpelje povabljeni na ogled \u0161olske zobne ambulante v Hrpeljah. Prijazna zobozdravnica dr. dent. med. Gaja Bo\u017eeglav nam je predstavila delo zobozdravnika, pokazala naprave in pripomo\u010dke ter prostovoljce povabila na zobozdravni\u0161ki stol, ki se ga mnogi kar malo bojijo. Pogumne\u017eem je s posebno lu\u010djo posvetila v usta in si pogledala njihove zobe, malo popihala in pregled je bil kon\u010dan. Otroci so z zanimanjem opazovali in sledili predstavitvi, postavljali vpra\u0161anja ter se preizku\u0161ali v pravilni tehniki \u0161\u010detkanja zob. Na koncu so bili nagrajeni s \u0161tampiljkami in priznanji za obisk zobozdravnice. Ob slovesu sta nas zobozdravnica in njena asistentka povabili na ponovni obisk v spremstvu star\u0161ev.&nbsp;<\/p>\n\n\n\n<p>Besedilo: Tamara Mavri\u010d<\/p>\n\n\n\n<p>Fotografije: Tamara Mavri\u010d, Mateja Bol\u010di\u010d, Karmen Petrovi\u0107<\/p>\n\n\n\n<p><\/p>\n\n\n\n<div class=\"wp-block-buttons is-layout-flex wp-block-buttons-is-layout-flex\">\n<div class=\"wp-block-button\"><a class=\"wp-block-button__link wp-element-button\" href=\"https:\/\/vrtec-sezana.si\/?page_id=8822\">GALERIJA<\/a><\/div>\n<\/div>\n","protected":false},"excerpt":{"rendered":"<p>V mesecu februarju so bili otroci pred\u0161olskih skupin Muren\u010dki, \u017dabice in Pikapolonice iz vrtca Hrpelje povabljeni na ogled \u0161olske zobne ambulante v Hrpeljah. Prijazna zobozdravnica dr. dent. med. Gaja Bo\u017eeglav nam je predstavila delo zobozdravnika, pokazala naprave in pripomo\u010dke ter prostovoljce povabila&#8230;<\/p>\n","protected":false},"author":10,"featured_media":8836,"comment_status":"closed","ping_status":"closed","sticky":false,"template":"","format":"standard","meta":{"footnotes":""},"categories":[10],"tags":[],"jetpack_featured_media_url":"https:\/\/vrtec-sezana.si\/wp-content\/uploads\/2024\/03\/hrpelje01-scaled-1.jpg","_links":{"self":[{"href":"https:\/\/vrtec-sezana.si\/index.php?rest_route=\/wp\/v2\/posts\/8835"}],"collection":[{"href":"https:\/\/vrtec-sezana.si\/index.php?rest_route=\/wp\/v2\/posts"}],"about":[{"href":"https:\/\/vrtec-sezana.si\/index.php?rest_route=\/wp\/v2\/types\/post"}],"author":[{"embeddable":true,"href":"https:\/\/vrtec-sezana.si\/index.php?rest_route=\/wp\/v2\/users\/10"}],"replies":[{"embeddable":true,"href":"https:\/\/vrtec-sezana.si\/index.php?rest_route=%2Fwp%2Fv2%2Fcomments&post=8835"}],"version-history":[{"count":1,"href":"https:\/\/vrtec-sezana.si\/index.php?rest_route=\/wp\/v2\/posts\/8835\/revisions"}],"predecessor-version":[{"id":8837,"href":"https:\/\/vrtec-sezana.si\/index.php?rest_route=\/wp\/v2\/posts\/8835\/revisions\/8837"}],"wp:featuredmedia":[{"embeddable":true,"href":"https:\/\/vrtec-sezana.si\/index.php?rest_route=\/wp\/v2\/media\/8836"}],"wp:attachment":[{"href":"https:\/\/vrtec-sezana.si\/index.php?rest_route=%2Fwp%2Fv2%2Fmedia&parent=8835"}],"wp:term":[{"taxonomy":"category","embeddable":true,"href":"https:\/\/vrtec-sezana.si\/index.php?rest_route=%2Fwp%2Fv2%2Fcategories&post=8835"},{"taxonomy":"post_tag","embeddable":true,"href":"https:\/\/vrtec-sezana.si\/index.php?rest_route=%2Fwp%2Fv2%2Ftags&post=8835"}],"curies":[{"name":"wp","href":"https:\/\/api.w.org\/{rel}","templated":true}]}}