{"id":883,"date":"2023-12-17T13:40:00","date_gmt":"2023-12-17T12:40:00","guid":{"rendered":"http:\/\/977.ablak.arnes.si\/?p=883"},"modified":"2024-02-19T14:23:37","modified_gmt":"2024-02-19T13:23:37","slug":"kameleonckova-cajanka","status":"publish","type":"post","link":"https:\/\/vrtec-sezana.si\/?p=883","title":{"rendered":"KAMELEON\u010cKOVA \u010cAJANKA"},"content":{"rendered":"\n<p>Kameleon\u010dki smo se odlo\u010dili, da si decebersko sredo popestrimo s \u010dajanko. Pripravili smo vse potrebno: indukcijsko plo\u0161\u010do, lonec, skodelice, \u017eli\u010dke, \u010dajne vre\u010dke, limono, med.<\/p>\n\n\n\n<p>Ko sem prinesla indukcijsko plo\u0161\u010do, najprej nismo bili prepri\u010dani, kaj je to. En de\u010dek je rekel: \u00bbO, si prinesla ra\u010dunalnik.\u00ab Ko sem odgovorila, da naj pogledajo bolj pozorno, je videl na plo\u0161\u010di kroge in rekel: \u00bbMogo\u010de pa je zvo\u010dnik, za poslu\u0161at muziko\u00ab. Pa je ena deklica videla narisan lonec: \u00bbTo je neki, za kuhat, ku je narisan lonec.\u00ab \u00bbPoskusimo pri\u017egat, da vidimo kaj je.\u00ab \u00bbNe dela!\u00ab je rekla druga deklica, pa ji je de\u010dek razlo\u017eil: \u00bbSeveda ne dela, mormo uklju\u010dt u elektriko. Glej ta kabel mormo dat v uti\u010dnico.\u00ab In smo tako naredili in pri\u017egali kuhalno plo\u0161\u010do. \u00bbDela!\u00ab smo se razveselili.<\/p>\n\n\n\n<p>\u00bbKaj \u0161e potrebujemo?\u00ab je vpra\u0161al Rok. \u00bbLonec in vodo.\u00ab Res je, postavili smo lonec z vodo na kuhalno plo\u0161\u010do in opazovali kdaj se bodo naredili balon\u010dki. \u00bbRok, ko bojo balon\u010dki bo pa voda ful vro\u010da, ve\u0161,\u00ab je nadaljeval de\u010dek.&nbsp;<\/p>\n\n\n\n<p>Voda je hitro zavrela, mi pa smo se posedli okrog mize, na kateri so bile pripravljene skodelice. Vsak je dal svojo vre\u010dko \u010daja v skodelico in \u010dakal, da jo prelijemo z vodo.<\/p>\n\n\n\n<p>Pogledali smo, kako voda spreminja barvo in ugotovili, da imamo \u010daje razli\u010dne barve. Pa tako lepo je di\u0161alo.&nbsp;<\/p>\n\n\n\n<p>\u00bbRok, dodajmo \u0161e med in lomono!\u00ab so rekli otroci, ko so zagledali pripravljene stvari na mizi. \u00bbU, kako je kisla limona!\u00ab \u00bbMa med je pa sladek, ve\u0161!\u00ab<\/p>\n\n\n\n<p>Pri\u017egali smo \u0161e pal\u010dkovo glasbo, da nam je bilo \u0161e lep\u0161e in pili \u010daj.<\/p>\n\n\n\n<p>Besedilo: Sabina Vla\u0161i\u0107&nbsp;<\/p>\n\n\n\n<p>Fotografije: Sabina Vla\u0161i\u0107&nbsp;<\/p>\n\n\n\n<div class=\"wp-block-buttons is-layout-flex wp-block-buttons-is-layout-flex\">\n<div class=\"wp-block-button\"><a class=\"wp-block-button__link wp-element-button\" href=\"https:\/\/vrtec-sezana.si\/?page_id=2035\">GALERIJA<\/a><\/div>\n<\/div>\n","protected":false},"excerpt":{"rendered":"<p>Kameleon\u010dki smo se odlo\u010dili, da si decebersko sredo popestrimo s \u010dajanko. Pripravili smo vse potrebno: indukcijsko plo\u0161\u010do, lonec, skodelice, \u017eli\u010dke, \u010dajne vre\u010dke, limono, med. Ko sem prinesla indukcijsko plo\u0161\u010do, najprej nismo bili prepri\u010dani, kaj je to. En de\u010dek je rekel: \u00bbO, si&#8230;<\/p>\n","protected":false},"author":1,"featured_media":340,"comment_status":"closed","ping_status":"closed","sticky":false,"template":"","format":"standard","meta":{"footnotes":""},"categories":[8],"tags":[],"jetpack_featured_media_url":"https:\/\/vrtec-sezana.si\/wp-content\/uploads\/2023\/11\/OpisSezana.jpg","_links":{"self":[{"href":"https:\/\/vrtec-sezana.si\/index.php?rest_route=\/wp\/v2\/posts\/883"}],"collection":[{"href":"https:\/\/vrtec-sezana.si\/index.php?rest_route=\/wp\/v2\/posts"}],"about":[{"href":"https:\/\/vrtec-sezana.si\/index.php?rest_route=\/wp\/v2\/types\/post"}],"author":[{"embeddable":true,"href":"https:\/\/vrtec-sezana.si\/index.php?rest_route=\/wp\/v2\/users\/1"}],"replies":[{"embeddable":true,"href":"https:\/\/vrtec-sezana.si\/index.php?rest_route=%2Fwp%2Fv2%2Fcomments&post=883"}],"version-history":[{"count":3,"href":"https:\/\/vrtec-sezana.si\/index.php?rest_route=\/wp\/v2\/posts\/883\/revisions"}],"predecessor-version":[{"id":7054,"href":"https:\/\/vrtec-sezana.si\/index.php?rest_route=\/wp\/v2\/posts\/883\/revisions\/7054"}],"wp:featuredmedia":[{"embeddable":true,"href":"https:\/\/vrtec-sezana.si\/index.php?rest_route=\/wp\/v2\/media\/340"}],"wp:attachment":[{"href":"https:\/\/vrtec-sezana.si\/index.php?rest_route=%2Fwp%2Fv2%2Fmedia&parent=883"}],"wp:term":[{"taxonomy":"category","embeddable":true,"href":"https:\/\/vrtec-sezana.si\/index.php?rest_route=%2Fwp%2Fv2%2Fcategories&post=883"},{"taxonomy":"post_tag","embeddable":true,"href":"https:\/\/vrtec-sezana.si\/index.php?rest_route=%2Fwp%2Fv2%2Ftags&post=883"}],"curies":[{"name":"wp","href":"https:\/\/api.w.org\/{rel}","templated":true}]}}