{"id":8813,"date":"2024-03-11T11:40:05","date_gmt":"2024-03-11T10:40:05","guid":{"rendered":"https:\/\/vrtec-sezana.si\/?p=8813"},"modified":"2024-03-11T12:08:51","modified_gmt":"2024-03-11T11:08:51","slug":"mama-povej-mi-pravljico-tata-zapoj-mi-kdaj-gremo-na-predstavo","status":"publish","type":"post","link":"https:\/\/vrtec-sezana.si\/?p=8813","title":{"rendered":"\u00bbMama, povej mi pravljico! O\u010dka, zapoj mi! Kdaj gremo na predstavo?\u00ab"},"content":{"rendered":"\n<p>V mesecu marcu obele\u017eujemo tri svetovne dneve, in sicer:<\/p>\n\n\n\n<ul>\n<li>19. marec: svetovni dan pripovedni\u0161tva,<\/li>\n\n\n\n<li>20. marec: svetovni dan gledali\u0161\u010da za otroke in mlade ter<\/li>\n\n\n\n<li>21. marec: svetovni dan poezije.<\/li>\n<\/ul>\n\n\n\n<p>Otroci se \u017ee v svojih najmlaj\u0161ih letih v dru\u017einskem okolju in v vrtcu sre\u010dujejo s pripovedovanjem, gledali\u0161\u010dem in poezijo. Poslu\u0161ajo zgodbe, pojejo pesmi in si ogledajo predstavo. Ob tem vstopijo v domi\u0161ljijski svet in se poistovetijo s pogumnim princem, ki re\u0161i princeso pred zmajem, se nasmejejo ob deklamaciji, kjer si volk obuje \u010devlje in pridobivajo pozitivne vrednote ob muci, ki \u0161iva copatke za otroke.<\/p>\n\n\n\n<p>V nadaljevanju si lahko preberemo nekaj napotkov, kako pristopati do otroka s pripovedovanjem, petjem in kaj upo\u0161tevati pri ogledu otro\u0161kih predstav.<\/p>\n\n\n\n<p>\u017de v prvih mesecih po rojstvu otroka je dobrodo\u0161lo, da se pogovarjamo z otrokom in mu pripovedujemo, da ga imamo radi, o dogajanju okoli njega, mu predstavljamo in opisujemo dru\u017einske \u010dlane, ljudi, ki jih sre\u010damo na sprehodu&#8230; Otrok do\u017eivlja veselje in ugodje, ko mu odrasli z nagajivim tonom govori bibarije ali z ne\u017enim in pomirjujo\u010dim tonom zapoje pesmice in uspavanke. S petjem in pripovedovanjem se otrok tako prvi\u010d sre\u010da z maternim jezikom, ga poslu\u0161a in se ga u\u010di. Na ta na\u010din se z njim pove\u017eemo in ustvarimo \u0161e mo\u010dnej\u0161o \u010dustveno vez.<\/p>\n\n\n\n<p>Z otrokovim razvojem se \u0161iri tudi nabor zgodb in pesmi, ki so primerne za njegovo starost. Otroku pripovedujemo zgodbe, ki so nam jih pripovedovali \u017ee na\u0161i star\u0161i ali babice in dedki, aktualne pravljice ali tiste, ob katerih smo sami odrastli. Pripovedujemo lahko tudi o lastnih zanimivih ali sme\u0161nih dogodkih, ki postanejo privla\u010dni za otroke in jih hkrati nasmejejo. Nau\u010dimo jih pesmi na\u0161ega otro\u0161tva ali pa se pozanimamo v vrtcu, katere pesmice se u\u010dijo in jih skupaj z otrokom pojemo tudi doma. Starej\u0161i kot so otroci, pripovedovanje zgodb do\u017eivljajo bolj intenzivno, \u010dustveno. Pripovedovano zgodbo ali pesem za\u010dutijo se poistovetijo z junaki in podo\u017eivljajo njihova \u010dustva. Zato je dejavnost pripovedovanja koristno zajeti v vsakodnevno rutino (tako v vrtcu kot doma), saj pripovedovanje slu\u017ei sprostitvi in socializaciji, obenem pa tudi k razvoju domi\u0161ljije, jezikovnih sposobnosti ter ob\u010dutenja empatije do drugih. Hkrati nam v poplavi modrih zaslonov slu\u017ei tudi kot razvedrilo, da se pove\u017eemo z otrokom in v najbolj\u0161i meri izkoristimo skupni \u010das.<\/p>\n\n\n\n<p>Za obisk gledali\u0161\u010da je priporo\u010dljivo, da otroka peljemo na ogled predstave, ko dopolni eno leto. Pozornost moramo nameniti pravilni izbiri predstave, saj mora biti primerna njegovi starosti. Predstave za otroke do treh let so kratke in enostavne, dvorana ni \u010disto zatemnjena, da otroka ni strah. Otroci od treh let dalje si lahko \u017ee ogledajo tiste \u00bbprave\u00ab predstave, ki jih pritegnejo in jim z vidika zgodbe in jezika lahko sledijo. Pred predstavo lahko otroku povemo, kam se bomo odpravili in kak\u0161no predstavo si bomo skupaj ogledali. Navdu\u0161imo ga lahko s prebiranjem pravljice, ki se nana\u0161a na predstavo, in mu tako pribli\u017eamo zgodbo, da bo predstavi la\u017eje sledil. Pou\u010dimo ga tudi o gledali\u0161kem bontonu (med predstavo se ne pogovarjamo, ne jemo in pijemo, ne dajemo nog na stole drugih\u2026). Na ta na\u010din bo otrok vedel, kaj pri\u010dakovati v gledali\u0161\u010du in kako se obna\u0161ati.<\/p>\n\n\n\n<p>&nbsp;Najpomembnej\u0161i pri pripovedovanju, petju in obisku gledali\u0161\u010da pa je \u010das, ki ga pre\u017eivimo z otrokom. Vse skupne dogodiv\u0161\u010dine, dru\u017eenja in crkljanja ostanejo otroku v najlep\u0161em spominu, o katerih govorijo tudi \u0161e potem, ko zrastejo.<\/p>\n\n\n\n<p><em>VIRI:<\/em><\/p>\n\n\n\n<ul>\n<li><em>Sodelovanje z dojen\u010dkom: zakaj se z dojen\u010dkom pogovarjati in mu brati?<\/em> <a href=\"https:\/\/zdaj.net\/novorojencek-in-dojencek\/razvoj\/sodelovanje-z-dojenckom-zakaj-se-z-dojenckom-pogovarjati-in-mu-brati\/\">https:\/\/zdaj.net\/novorojencek-in-dojencek\/razvoj\/sodelovanje-z-dojenckom-zakaj-se-z-dojenckom-pogovarjati-in-mu-brati\/<\/a> (pridobljeno: februar 2024).<\/li>\n\n\n\n<li><em>Kdaj z otrokom v gledali\u0161\u010de?<\/em>: <a href=\"https:\/\/www.lgl.si\/si\/novice\/2015\/01\/172-Kdaj-z-otrokom-v-gledalisce\">https:\/\/www.lgl.si\/si\/novice\/2015\/01\/172-Kdaj-z-otrokom-v-gledalisce<\/a> (pridobljeno: februar 2024).<\/li>\n\n\n\n<li><em>Prvi\u010d v gledali\u0161\u010de z otrokom<\/em>. <a href=\"https:\/\/druzina.pismen.si\/prvic-v-gledalisce-z-otrokom\/\">https:\/\/druzina.pismen.si\/prvic-v-gledalisce-z-otrokom\/<\/a> (pridobljeno: februar 2024).<\/li>\n<\/ul>\n\n\n\n<p>Besedilo: Tina Godina Babuder, mag. prof. ped., vzgojiteljica za zgodnjo obravnavo<\/p>\n\n\n\n<p><\/p>\n","protected":false},"excerpt":{"rendered":"<p>V mesecu marcu obele\u017eujemo tri svetovne dneve, in sicer: Otroci se \u017ee v svojih najmlaj\u0161ih letih v dru\u017einskem okolju in v vrtcu sre\u010dujejo s pripovedovanjem, gledali\u0161\u010dem in poezijo. Poslu\u0161ajo zgodbe, pojejo pesmi in si ogledajo predstavo. Ob tem vstopijo v domi\u0161ljijski svet&#8230;<\/p>\n","protected":false},"author":28,"featured_media":5305,"comment_status":"closed","ping_status":"closed","sticky":false,"template":"","format":"standard","meta":{"footnotes":""},"categories":[20],"tags":[],"jetpack_featured_media_url":"https:\/\/vrtec-sezana.si\/wp-content\/uploads\/2024\/01\/1706267713665-scaled.jpg","_links":{"self":[{"href":"https:\/\/vrtec-sezana.si\/index.php?rest_route=\/wp\/v2\/posts\/8813"}],"collection":[{"href":"https:\/\/vrtec-sezana.si\/index.php?rest_route=\/wp\/v2\/posts"}],"about":[{"href":"https:\/\/vrtec-sezana.si\/index.php?rest_route=\/wp\/v2\/types\/post"}],"author":[{"embeddable":true,"href":"https:\/\/vrtec-sezana.si\/index.php?rest_route=\/wp\/v2\/users\/28"}],"replies":[{"embeddable":true,"href":"https:\/\/vrtec-sezana.si\/index.php?rest_route=%2Fwp%2Fv2%2Fcomments&post=8813"}],"version-history":[{"count":3,"href":"https:\/\/vrtec-sezana.si\/index.php?rest_route=\/wp\/v2\/posts\/8813\/revisions"}],"predecessor-version":[{"id":8817,"href":"https:\/\/vrtec-sezana.si\/index.php?rest_route=\/wp\/v2\/posts\/8813\/revisions\/8817"}],"wp:featuredmedia":[{"embeddable":true,"href":"https:\/\/vrtec-sezana.si\/index.php?rest_route=\/wp\/v2\/media\/5305"}],"wp:attachment":[{"href":"https:\/\/vrtec-sezana.si\/index.php?rest_route=%2Fwp%2Fv2%2Fmedia&parent=8813"}],"wp:term":[{"taxonomy":"category","embeddable":true,"href":"https:\/\/vrtec-sezana.si\/index.php?rest_route=%2Fwp%2Fv2%2Fcategories&post=8813"},{"taxonomy":"post_tag","embeddable":true,"href":"https:\/\/vrtec-sezana.si\/index.php?rest_route=%2Fwp%2Fv2%2Ftags&post=8813"}],"curies":[{"name":"wp","href":"https:\/\/api.w.org\/{rel}","templated":true}]}}