{"id":881,"date":"2023-12-17T13:38:00","date_gmt":"2023-12-17T12:38:00","guid":{"rendered":"http:\/\/977.ablak.arnes.si\/?p=881"},"modified":"2024-02-19T14:23:52","modified_gmt":"2024-02-19T13:23:52","slug":"izmenjevalnica","status":"publish","type":"post","link":"https:\/\/vrtec-sezana.si\/?p=881","title":{"rendered":"IZMENJEVALNICA"},"content":{"rendered":"\n<p>V mesecu novembru smo strokovni delavci enote, v sodelovanju z otroki s star\u0161i, pripravili \u017ee drugo izmenjevalnico. V leto\u0161nji izmenejevalnici si je bilo mo\u010d izmenjati knjige, igra\u010de in obla\u010dila. Namen izmenjevalnice je ozave\u0161\u010danje otrok in star\u0161ev o trajnostni potro\u0161nji.<\/p>\n\n\n\n<p>Zahvaljujemo se vsem, ki ste sodelovali, predvsem pa vsem tistim otrokom in star\u0161em, ki ste pridno prina\u0161ali predmete za izmenjavo.<\/p>\n\n\n\n<p>Strokovni delavci enote Se\u017eana<\/p>\n\n\n\n<div class=\"wp-block-buttons is-layout-flex wp-block-buttons-is-layout-flex\">\n<div class=\"wp-block-button\"><a class=\"wp-block-button__link wp-element-button\" href=\"https:\/\/vrtec-sezana.si\/?page_id=2028\">GALERIJA<\/a><\/div>\n<\/div>\n","protected":false},"excerpt":{"rendered":"<p>V mesecu novembru smo strokovni delavci enote, v sodelovanju z otroki s star\u0161i, pripravili \u017ee drugo izmenjevalnico. V leto\u0161nji izmenejevalnici si je bilo mo\u010d izmenjati knjige, igra\u010de in obla\u010dila. Namen izmenjevalnice je ozave\u0161\u010danje otrok in star\u0161ev o trajnostni potro\u0161nji. Zahvaljujemo se vsem,&#8230;<\/p>\n","protected":false},"author":1,"featured_media":340,"comment_status":"closed","ping_status":"closed","sticky":false,"template":"","format":"standard","meta":{"footnotes":""},"categories":[8],"tags":[],"jetpack_featured_media_url":"https:\/\/vrtec-sezana.si\/wp-content\/uploads\/2023\/11\/OpisSezana.jpg","_links":{"self":[{"href":"https:\/\/vrtec-sezana.si\/index.php?rest_route=\/wp\/v2\/posts\/881"}],"collection":[{"href":"https:\/\/vrtec-sezana.si\/index.php?rest_route=\/wp\/v2\/posts"}],"about":[{"href":"https:\/\/vrtec-sezana.si\/index.php?rest_route=\/wp\/v2\/types\/post"}],"author":[{"embeddable":true,"href":"https:\/\/vrtec-sezana.si\/index.php?rest_route=\/wp\/v2\/users\/1"}],"replies":[{"embeddable":true,"href":"https:\/\/vrtec-sezana.si\/index.php?rest_route=%2Fwp%2Fv2%2Fcomments&post=881"}],"version-history":[{"count":3,"href":"https:\/\/vrtec-sezana.si\/index.php?rest_route=\/wp\/v2\/posts\/881\/revisions"}],"predecessor-version":[{"id":7055,"href":"https:\/\/vrtec-sezana.si\/index.php?rest_route=\/wp\/v2\/posts\/881\/revisions\/7055"}],"wp:featuredmedia":[{"embeddable":true,"href":"https:\/\/vrtec-sezana.si\/index.php?rest_route=\/wp\/v2\/media\/340"}],"wp:attachment":[{"href":"https:\/\/vrtec-sezana.si\/index.php?rest_route=%2Fwp%2Fv2%2Fmedia&parent=881"}],"wp:term":[{"taxonomy":"category","embeddable":true,"href":"https:\/\/vrtec-sezana.si\/index.php?rest_route=%2Fwp%2Fv2%2Fcategories&post=881"},{"taxonomy":"post_tag","embeddable":true,"href":"https:\/\/vrtec-sezana.si\/index.php?rest_route=%2Fwp%2Fv2%2Ftags&post=881"}],"curies":[{"name":"wp","href":"https:\/\/api.w.org\/{rel}","templated":true}]}}