{"id":8793,"date":"2024-03-09T19:13:52","date_gmt":"2024-03-09T18:13:52","guid":{"rendered":"https:\/\/vrtec-sezana.si\/?p=8793"},"modified":"2024-03-09T19:25:13","modified_gmt":"2024-03-09T18:25:13","slug":"glasbeno-obarvano-dopoldne","status":"publish","type":"post","link":"https:\/\/vrtec-sezana.si\/?p=8793","title":{"rendered":"Glasbeno obarvano dopoldne"},"content":{"rendered":"\n<p>V \u010detrtek 15.2 smo v vrtcu pre\u017eiveli lepo glasbeno obarvano dopoldan, saj nas je v vrtcu obiskala glasbena \u0161ola Se\u017eana pod vodstvom ravnatelja Iva Ba\u0161i\u010da. Pripravili so nam izredno predstavitev razli\u010dnih glasbil. Prisluhnili smo: flavta, klarinet, violon\u010delo, kontrabas, klaviatura, trobenta \u00a0itd. In na koncu \u0161e ob spremljavi le-teh zapeli \u0161e nekaj \u017ee znanih otro\u0161kih pesmi. Otroci so bili preprosto o\u010darani in polni novih odtisov, do\u017eivetij saj jih je v svet domi\u0161ljije popeljalo prav vsako glasbilo.<\/p>\n\n\n\n<p>Za \u010dudovito glasbeno dopoldne se \u0161e enkrat zahvaljujemo glasbeni \u0161oli Se\u017eana.<\/p>\n\n\n\n<p>Besedilo: Ur\u0161ka Milavec<\/p>\n\n\n\n<p>Fotografije: arhiv vrtca Lehte.<a href=\"https:\/\/vrtec-sezana.si\/?page_id=8779\" data-type=\"page\" data-id=\"8779\">Glasbeno obarvano dopoldne<\/a><\/p>\n\n\n\n<div class=\"wp-block-buttons is-layout-flex wp-block-buttons-is-layout-flex\">\n<div class=\"wp-block-button\"><a class=\"wp-block-button__link wp-element-button\" href=\"https:\/\/vrtec-sezana.si\/?page_id=8779\">GALERIJA<\/a><\/div>\n<\/div>\n","protected":false},"excerpt":{"rendered":"<p>V \u010detrtek 15.2 smo v vrtcu pre\u017eiveli lepo glasbeno obarvano dopoldan, saj nas je v vrtcu obiskala glasbena \u0161ola Se\u017eana pod vodstvom ravnatelja Iva Ba\u0161i\u010da. Pripravili so nam izredno predstavitev razli\u010dnih glasbil. Prisluhnili smo: flavta, klarinet, violon\u010delo, kontrabas, klaviatura, trobenta \u00a0itd. In&#8230;<\/p>\n","protected":false},"author":24,"featured_media":8790,"comment_status":"closed","ping_status":"closed","sticky":false,"template":"","format":"standard","meta":{"footnotes":""},"categories":[6],"tags":[],"jetpack_featured_media_url":"https:\/\/vrtec-sezana.si\/wp-content\/uploads\/2024\/03\/Messenger_creation_de74e1a7-f515-4b3c-a205-a5994b6e4b4c.jpeg","_links":{"self":[{"href":"https:\/\/vrtec-sezana.si\/index.php?rest_route=\/wp\/v2\/posts\/8793"}],"collection":[{"href":"https:\/\/vrtec-sezana.si\/index.php?rest_route=\/wp\/v2\/posts"}],"about":[{"href":"https:\/\/vrtec-sezana.si\/index.php?rest_route=\/wp\/v2\/types\/post"}],"author":[{"embeddable":true,"href":"https:\/\/vrtec-sezana.si\/index.php?rest_route=\/wp\/v2\/users\/24"}],"replies":[{"embeddable":true,"href":"https:\/\/vrtec-sezana.si\/index.php?rest_route=%2Fwp%2Fv2%2Fcomments&post=8793"}],"version-history":[{"count":7,"href":"https:\/\/vrtec-sezana.si\/index.php?rest_route=\/wp\/v2\/posts\/8793\/revisions"}],"predecessor-version":[{"id":8803,"href":"https:\/\/vrtec-sezana.si\/index.php?rest_route=\/wp\/v2\/posts\/8793\/revisions\/8803"}],"wp:featuredmedia":[{"embeddable":true,"href":"https:\/\/vrtec-sezana.si\/index.php?rest_route=\/wp\/v2\/media\/8790"}],"wp:attachment":[{"href":"https:\/\/vrtec-sezana.si\/index.php?rest_route=%2Fwp%2Fv2%2Fmedia&parent=8793"}],"wp:term":[{"taxonomy":"category","embeddable":true,"href":"https:\/\/vrtec-sezana.si\/index.php?rest_route=%2Fwp%2Fv2%2Fcategories&post=8793"},{"taxonomy":"post_tag","embeddable":true,"href":"https:\/\/vrtec-sezana.si\/index.php?rest_route=%2Fwp%2Fv2%2Ftags&post=8793"}],"curies":[{"name":"wp","href":"https:\/\/api.w.org\/{rel}","templated":true}]}}