{"id":8773,"date":"2024-03-08T20:35:57","date_gmt":"2024-03-08T19:35:57","guid":{"rendered":"https:\/\/vrtec-sezana.si\/?p=8773"},"modified":"2024-03-08T20:44:33","modified_gmt":"2024-03-08T19:44:33","slug":"dan-zena","status":"publish","type":"post","link":"https:\/\/vrtec-sezana.si\/?p=8773","title":{"rendered":"Dan \u017eena"},"content":{"rendered":"\n<p>Kdor je ob dana\u0161njem dnevu \u017eena prestopil prag na\u0161ega vrtca, je zagledal pred vsako igralnico gredice s pisanimi ro\u017eami, ki so okrasile na\u0161 vrtec in deklamacijo Nene O\u0161tir Novak &#8220;\u017denska&#8221;. Otroci so pomagali cvetlice okrasiti z razli\u010dnimi likovnimi tehnikami, mame, none, tete, sestrice ter strokovne delavke pa so si lahko danes izbrale ro\u017eo ter jo odnesle domov.<\/p>\n\n\n\n<p>Dan \u017eena so izvorno poznali pod imenom dan delovnih \u017eena, danes pa velja za mednarodni praznik \u017eensk, ki ga v pribli\u017eno sto dr\u017eavah praznujejo vsako leto 8. marca. Je dan praznovanja ekonomske, politi\u010dne in socialne enakopravnosti in dose\u017ekov \u017eensk. V vrtcu Se\u017eana pa praznujemo dan \u017eena tudi v okviru Unesco projekta. <br><br><br>Vsaka \u017eenska je pomembna in prispeva k bogatemu in raznolikemu svetu, v katerem \u017eivimo, zato jim vsak dan, recimo: HVALA!<\/p>\n\n\n\n<p>Besedilo: Mateja Lah Vojska<\/p>\n\n\n\n<p>Fotografije: Mateja Lah Vojska<\/p>\n\n\n\n<p>\u017denska<br>                  <br>Mama, h\u010di, \u017eena. <br>\u017divljensko prirojena. <br>Krhka, mo\u010dna, ne\u017ena in ljube\u010da.<br>Ljubiti- to je njena sre\u010da. <br>Pogumna bojevnica. <br>Tola\u017ei, ko najbolj boli.<br>Mal\u010dkom s poljubi odganja skrbi.<br>In tudi ko svet se ji ru\u0161i, <br>ona ostaja nesko\u010dno lepa v srcu in du\u0161i.<br><br>                                Nena O\u0161tir Novak <br><\/p>\n\n\n\n<p><\/p>\n\n\n\n<p><\/p>\n\n\n\n<div class=\"wp-block-buttons is-layout-flex wp-block-buttons-is-layout-flex\">\n<div class=\"wp-block-button\"><a class=\"wp-block-button__link wp-element-button\" href=\"https:\/\/vrtec-sezana.si\/?page_id=8756\">GALERIJA<\/a><\/div>\n<\/div>\n","protected":false},"excerpt":{"rendered":"<p>Kdor je ob dana\u0161njem dnevu \u017eena prestopil prag na\u0161ega vrtca, je zagledal pred vsako igralnico gredice s pisanimi ro\u017eami, ki so okrasile na\u0161 vrtec in deklamacijo Nene O\u0161tir Novak &#8220;\u017denska&#8221;. Otroci so pomagali cvetlice okrasiti z razli\u010dnimi likovnimi tehnikami, mame, none, tete,&#8230;<\/p>\n","protected":false},"author":6,"featured_media":8764,"comment_status":"closed","ping_status":"closed","sticky":false,"template":"","format":"standard","meta":{"footnotes":""},"categories":[6],"tags":[],"jetpack_featured_media_url":"https:\/\/vrtec-sezana.si\/wp-content\/uploads\/2024\/03\/20240308_130446-scaled.jpg","_links":{"self":[{"href":"https:\/\/vrtec-sezana.si\/index.php?rest_route=\/wp\/v2\/posts\/8773"}],"collection":[{"href":"https:\/\/vrtec-sezana.si\/index.php?rest_route=\/wp\/v2\/posts"}],"about":[{"href":"https:\/\/vrtec-sezana.si\/index.php?rest_route=\/wp\/v2\/types\/post"}],"author":[{"embeddable":true,"href":"https:\/\/vrtec-sezana.si\/index.php?rest_route=\/wp\/v2\/users\/6"}],"replies":[{"embeddable":true,"href":"https:\/\/vrtec-sezana.si\/index.php?rest_route=%2Fwp%2Fv2%2Fcomments&post=8773"}],"version-history":[{"count":2,"href":"https:\/\/vrtec-sezana.si\/index.php?rest_route=\/wp\/v2\/posts\/8773\/revisions"}],"predecessor-version":[{"id":8778,"href":"https:\/\/vrtec-sezana.si\/index.php?rest_route=\/wp\/v2\/posts\/8773\/revisions\/8778"}],"wp:featuredmedia":[{"embeddable":true,"href":"https:\/\/vrtec-sezana.si\/index.php?rest_route=\/wp\/v2\/media\/8764"}],"wp:attachment":[{"href":"https:\/\/vrtec-sezana.si\/index.php?rest_route=%2Fwp%2Fv2%2Fmedia&parent=8773"}],"wp:term":[{"taxonomy":"category","embeddable":true,"href":"https:\/\/vrtec-sezana.si\/index.php?rest_route=%2Fwp%2Fv2%2Fcategories&post=8773"},{"taxonomy":"post_tag","embeddable":true,"href":"https:\/\/vrtec-sezana.si\/index.php?rest_route=%2Fwp%2Fv2%2Ftags&post=8773"}],"curies":[{"name":"wp","href":"https:\/\/api.w.org\/{rel}","templated":true}]}}