{"id":8753,"date":"2024-03-07T19:49:08","date_gmt":"2024-03-07T18:49:08","guid":{"rendered":"https:\/\/vrtec-sezana.si\/?p=8753"},"modified":"2024-03-07T19:49:08","modified_gmt":"2024-03-07T18:49:08","slug":"prispevek-na-portalu-spv","status":"publish","type":"post","link":"https:\/\/vrtec-sezana.si\/?p=8753","title":{"rendered":"Prispevek na portalu SPV"},"content":{"rendered":"\n<p>Na portalu SPV (javna agencija republike Slovenije za varnost prometa) je objavljen prispevek \u00bb SPV ob\u010dine Hrpelje Kozina je organiziral Prometni dan v vrtcu Materija\u00ab. V okviru projekta o preventivi v cestnem prometu Varno v vrtec in \u0161olo smo medse povabili predstavnico ob\u010dine Agencije za varnost v prometu go. Vlasto Vatovec, z njo pa je pri\u0161la tudi na\u0161a \u017eupanja, ga. Sa\u0161a Likavec Svetel\u0161ek. Ve\u010d si lahko preberete na spodnji povezavi:<\/p>\n\n\n\n<p><a href=\"https:\/\/portalspv.avp-rs.si\/novica?post=SPV+obcine+Hrpelje+Kozina+je+organiziral+Prometni+dan+v+vrtcu+Materija+\">https:\/\/portalspv.avp-rs.si\/novica?post=SPV+obcine+Hrpelje+Kozina+je+organiziral+Prometni+dan+v+vrtcu+Materija+<\/a><\/p>\n\n\n\n<p>Besedilo: Marjeta Prunk Sluga<\/p>\n\n\n\n<div class=\"wp-block-buttons is-layout-flex wp-block-buttons-is-layout-flex\"><\/div>\n","protected":false},"excerpt":{"rendered":"<p>Na portalu SPV (javna agencija republike Slovenije za varnost prometa) je objavljen prispevek \u00bb SPV ob\u010dine Hrpelje Kozina je organiziral Prometni dan v vrtcu Materija\u00ab. V okviru projekta o preventivi v cestnem prometu Varno v vrtec in \u0161olo smo medse povabili predstavnico&#8230;<\/p>\n","protected":false},"author":11,"featured_media":8754,"comment_status":"closed","ping_status":"closed","sticky":false,"template":"","format":"standard","meta":{"footnotes":""},"categories":[16],"tags":[],"jetpack_featured_media_url":"https:\/\/vrtec-sezana.si\/wp-content\/uploads\/2024\/03\/IMG_20240116_112152-1.jpg","_links":{"self":[{"href":"https:\/\/vrtec-sezana.si\/index.php?rest_route=\/wp\/v2\/posts\/8753"}],"collection":[{"href":"https:\/\/vrtec-sezana.si\/index.php?rest_route=\/wp\/v2\/posts"}],"about":[{"href":"https:\/\/vrtec-sezana.si\/index.php?rest_route=\/wp\/v2\/types\/post"}],"author":[{"embeddable":true,"href":"https:\/\/vrtec-sezana.si\/index.php?rest_route=\/wp\/v2\/users\/11"}],"replies":[{"embeddable":true,"href":"https:\/\/vrtec-sezana.si\/index.php?rest_route=%2Fwp%2Fv2%2Fcomments&post=8753"}],"version-history":[{"count":1,"href":"https:\/\/vrtec-sezana.si\/index.php?rest_route=\/wp\/v2\/posts\/8753\/revisions"}],"predecessor-version":[{"id":8755,"href":"https:\/\/vrtec-sezana.si\/index.php?rest_route=\/wp\/v2\/posts\/8753\/revisions\/8755"}],"wp:featuredmedia":[{"embeddable":true,"href":"https:\/\/vrtec-sezana.si\/index.php?rest_route=\/wp\/v2\/media\/8754"}],"wp:attachment":[{"href":"https:\/\/vrtec-sezana.si\/index.php?rest_route=%2Fwp%2Fv2%2Fmedia&parent=8753"}],"wp:term":[{"taxonomy":"category","embeddable":true,"href":"https:\/\/vrtec-sezana.si\/index.php?rest_route=%2Fwp%2Fv2%2Fcategories&post=8753"},{"taxonomy":"post_tag","embeddable":true,"href":"https:\/\/vrtec-sezana.si\/index.php?rest_route=%2Fwp%2Fv2%2Ftags&post=8753"}],"curies":[{"name":"wp","href":"https:\/\/api.w.org\/{rel}","templated":true}]}}