{"id":8605,"date":"2024-03-06T13:31:56","date_gmt":"2024-03-06T12:31:56","guid":{"rendered":"https:\/\/vrtec-sezana.si\/?p=8605"},"modified":"2024-03-06T13:33:54","modified_gmt":"2024-03-06T12:33:54","slug":"logopedinja-ada-na-obisku-v-skupini-zajcki","status":"publish","type":"post","link":"https:\/\/vrtec-sezana.si\/?p=8605","title":{"rendered":"Logopedinja Ada na obisku v skupini Zaj\u010dki"},"content":{"rendered":"\n<p>Otroci iz skupine Zaj\u010dki smo medse povabili logopedinjo Ado, ki se sre\u010duje z nekaterimi na\u0161imi otroki. S seboj je prinesla dve lutki, de\u010dka in deklico, ki smo ju lahko uporabljali in pocrkljali. Vsak je dal eni izmed lutk ime, povedal prvi glas imena in ga zlogoval.<\/p>\n\n\n\n<p>Svoje jezi\u010dke smo skupaj z Ado po\u0161teno razmigali, saj nam je pokazala razli\u010dne vaje. Potem smo se preizkusili v razli\u010dnih izzivih. Najprej smo iz lon\u010dka pihali vato, nato smo s slamico pihali ladjice po vodi, nazadnje pa smo s slamico pihali \u017eogico na vodi na drug konec pladnja.<\/p>\n\n\n\n<p>Postavljene naloge in izzivi so nam \u0161li dobro od rok. Pri tem smo se zabavali, a hkrati naredili veliko za svojo artikulacijo. Svoje jezi\u010dke smo ogreli, razmigali in pripravili na dovolj hiter, razlo\u010den in pravilen govor.<\/p>\n\n\n\n<p>Logopedinji Adi se \u0161e enkrat zahvaljujemo za zabaven in pou\u010den obisk.<\/p>\n\n\n\n<p>Besedilo: Veronika Sorta<\/p>\n\n\n\n<p>Fotografije: Veronika Sorta in Karmen Pipan<\/p>\n\n\n\n<div class=\"wp-block-buttons is-layout-flex wp-block-buttons-is-layout-flex\">\n<div class=\"wp-block-button\"><a class=\"wp-block-button__link wp-element-button\" href=\"https:\/\/vrtec-sezana.si\/?page_id=8606\">GALERIJA<\/a><\/div>\n<\/div>\n","protected":false},"excerpt":{"rendered":"<p>Otroci iz skupine Zaj\u010dki smo medse povabili logopedinjo Ado, ki se sre\u010duje z nekaterimi na\u0161imi otroki. S seboj je prinesla dve lutki, de\u010dka in deklico, ki smo ju lahko uporabljali in pocrkljali. Vsak je dal eni izmed lutk ime, povedal prvi glas&#8230;<\/p>\n","protected":false},"author":1,"featured_media":8618,"comment_status":"closed","ping_status":"closed","sticky":false,"template":"","format":"standard","meta":{"footnotes":""},"categories":[12],"tags":[],"jetpack_featured_media_url":"https:\/\/vrtec-sezana.si\/wp-content\/uploads\/2024\/03\/IMG_20240306_132229-scaled.jpg","_links":{"self":[{"href":"https:\/\/vrtec-sezana.si\/index.php?rest_route=\/wp\/v2\/posts\/8605"}],"collection":[{"href":"https:\/\/vrtec-sezana.si\/index.php?rest_route=\/wp\/v2\/posts"}],"about":[{"href":"https:\/\/vrtec-sezana.si\/index.php?rest_route=\/wp\/v2\/types\/post"}],"author":[{"embeddable":true,"href":"https:\/\/vrtec-sezana.si\/index.php?rest_route=\/wp\/v2\/users\/1"}],"replies":[{"embeddable":true,"href":"https:\/\/vrtec-sezana.si\/index.php?rest_route=%2Fwp%2Fv2%2Fcomments&post=8605"}],"version-history":[{"count":1,"href":"https:\/\/vrtec-sezana.si\/index.php?rest_route=\/wp\/v2\/posts\/8605\/revisions"}],"predecessor-version":[{"id":8617,"href":"https:\/\/vrtec-sezana.si\/index.php?rest_route=\/wp\/v2\/posts\/8605\/revisions\/8617"}],"wp:featuredmedia":[{"embeddable":true,"href":"https:\/\/vrtec-sezana.si\/index.php?rest_route=\/wp\/v2\/media\/8618"}],"wp:attachment":[{"href":"https:\/\/vrtec-sezana.si\/index.php?rest_route=%2Fwp%2Fv2%2Fmedia&parent=8605"}],"wp:term":[{"taxonomy":"category","embeddable":true,"href":"https:\/\/vrtec-sezana.si\/index.php?rest_route=%2Fwp%2Fv2%2Fcategories&post=8605"},{"taxonomy":"post_tag","embeddable":true,"href":"https:\/\/vrtec-sezana.si\/index.php?rest_route=%2Fwp%2Fv2%2Ftags&post=8605"}],"curies":[{"name":"wp","href":"https:\/\/api.w.org\/{rel}","templated":true}]}}