{"id":850,"date":"2023-09-19T11:26:00","date_gmt":"2023-09-19T10:26:00","guid":{"rendered":"http:\/\/977.ablak.arnes.si\/?p=850"},"modified":"2024-02-21T14:27:11","modified_gmt":"2024-02-21T13:27:11","slug":"pikapolonice-in-metuljcki-iz-vrtca-materija","status":"publish","type":"post","link":"https:\/\/vrtec-sezana.si\/?p=850","title":{"rendered":"PIKAPOLONICE IN METULJ\u010cKI IZ VRTCA MATERIJA"},"content":{"rendered":"\n<p>V&nbsp; \u0161olskem letu 2023\/24 domujeta v vrtcu Materija dve skupini otrok: skupina prvega starostnega obdobja -z novim imenom Pikapolonice in skupina drugega starostnega obdobja \u2013 s prav tako novim imenom Metulj\u010dki. Ker je vsak za\u010detek te\u017eak, je nekaj solzic, to moramo priznati, prisotnih, v tem&nbsp; prvem, uvajalnem obdobju. S skupnimi mo\u010dmi se trudimo, da se bodo hitro posu\u0161ile in da bo na\u0161im otrokom bivanje v vrtcu kar najbolj prijetno.<\/p>\n\n\n\n<p>Besedilo: Tatjana \u0160kerjanc<\/p>\n\n\n\n<p>Fotografije: arhiv enote Materija<\/p>\n\n\n\n<div class=\"wp-block-buttons is-layout-flex wp-block-buttons-is-layout-flex\">\n<div class=\"wp-block-button\"><a class=\"wp-block-button__link wp-element-button\" href=\"https:\/\/vrtec-sezana.si\/?page_id=4294\">GALERIJA<\/a><\/div>\n<\/div>\n","protected":false},"excerpt":{"rendered":"<p>V&nbsp; \u0161olskem letu 2023\/24 domujeta v vrtcu Materija dve skupini otrok: skupina prvega starostnega obdobja -z novim imenom Pikapolonice in skupina drugega starostnega obdobja \u2013 s prav tako novim imenom Metulj\u010dki. Ker je vsak za\u010detek te\u017eak, je nekaj solzic, to moramo priznati,&#8230;<\/p>\n","protected":false},"author":1,"featured_media":851,"comment_status":"closed","ping_status":"closed","sticky":false,"template":"","format":"standard","meta":{"footnotes":""},"categories":[16],"tags":[],"jetpack_featured_media_url":"https:\/\/vrtec-sezana.si\/wp-content\/uploads\/2024\/01\/metulj.jpg","_links":{"self":[{"href":"https:\/\/vrtec-sezana.si\/index.php?rest_route=\/wp\/v2\/posts\/850"}],"collection":[{"href":"https:\/\/vrtec-sezana.si\/index.php?rest_route=\/wp\/v2\/posts"}],"about":[{"href":"https:\/\/vrtec-sezana.si\/index.php?rest_route=\/wp\/v2\/types\/post"}],"author":[{"embeddable":true,"href":"https:\/\/vrtec-sezana.si\/index.php?rest_route=\/wp\/v2\/users\/1"}],"replies":[{"embeddable":true,"href":"https:\/\/vrtec-sezana.si\/index.php?rest_route=%2Fwp%2Fv2%2Fcomments&post=850"}],"version-history":[{"count":3,"href":"https:\/\/vrtec-sezana.si\/index.php?rest_route=\/wp\/v2\/posts\/850\/revisions"}],"predecessor-version":[{"id":7334,"href":"https:\/\/vrtec-sezana.si\/index.php?rest_route=\/wp\/v2\/posts\/850\/revisions\/7334"}],"wp:featuredmedia":[{"embeddable":true,"href":"https:\/\/vrtec-sezana.si\/index.php?rest_route=\/wp\/v2\/media\/851"}],"wp:attachment":[{"href":"https:\/\/vrtec-sezana.si\/index.php?rest_route=%2Fwp%2Fv2%2Fmedia&parent=850"}],"wp:term":[{"taxonomy":"category","embeddable":true,"href":"https:\/\/vrtec-sezana.si\/index.php?rest_route=%2Fwp%2Fv2%2Fcategories&post=850"},{"taxonomy":"post_tag","embeddable":true,"href":"https:\/\/vrtec-sezana.si\/index.php?rest_route=%2Fwp%2Fv2%2Ftags&post=850"}],"curies":[{"name":"wp","href":"https:\/\/api.w.org\/{rel}","templated":true}]}}