{"id":8349,"date":"2024-02-14T18:55:40","date_gmt":"2024-02-14T17:55:40","guid":{"rendered":"https:\/\/vrtec-sezana.si\/?p=8349"},"modified":"2024-03-02T15:59:23","modified_gmt":"2024-03-02T14:59:23","slug":"juhuhu-pust-je-spet-tu","status":"publish","type":"post","link":"https:\/\/vrtec-sezana.si\/?p=8349","title":{"rendered":"Juhuhu, pust je spet tu!"},"content":{"rendered":"\n<p>Pust ima pomembno vlogo v vrtcu, saj z njim vklju\u010dujemo in seznanjamo otroka v lastno kulturo in kulturno dedi\u0161\u010dino. Vsako leto se strokovni delavci trudimo, da z obujanjem, spodbujanjem in nadaljevanjem \u010dudovitega slovenskega obi\u010daja v otrocih zanetimo iskrico navdu\u0161enja in spo\u0161tovanja do ohranjanja tradicije.<\/p>\n\n\n\n<p>V te\u017eko pri\u010dakovanem predpustnem \u010dasu so otroci spoznavali pomen pusta in navdu\u0161eno ustvarjali ter pri\u010dakovali pustni torek, ko se bodo prelevili v svoje najljub\u0161e maske.<\/p>\n\n\n\n<p>V vrtcu so potekale razli\u010dne pustne dejavnosti. Otroci so izdelovali pustne maske, instrumente, prepevali pustne pesmi in se preprosto prepustili do\u017eivljanju pustnega \u010dasa v vsej njegovi nor\u010davosti.<\/p>\n\n\n\n<p>Na pustni torek so otroci pri\u0161li v vrtec o\u0161emljeni. Ta dan v vrtcu ni bilo otrok, ampak so na\u0161e prostore napolnile mi\u0161ke, zmaji, princeske in ostali junaki iz risank in pravljic. Vreme nam je bilo naklonjeno tako, da smo se v sprevodu odpravili po vasi odganjat zimo.<\/p>\n\n\n\n<p>Besedilo: Katarina \u010cernigoj<\/p>\n\n\n\n<p>Fotografija: Arhiv vrtca \u0160tanjel<\/p>\n\n\n\n<div class=\"wp-block-buttons is-layout-flex wp-block-buttons-is-layout-flex\">\n<div class=\"wp-block-button\"><a class=\"wp-block-button__link wp-element-button\" href=\"https:\/\/vrtec-sezana.si\/?page_id=8383\">GALERIJA<\/a><\/div>\n<\/div>\n","protected":false},"excerpt":{"rendered":"<p>Pust ima pomembno vlogo v vrtcu, saj z njim vklju\u010dujemo in seznanjamo otroka v lastno kulturo in kulturno dedi\u0161\u010dino. Vsako leto se strokovni delavci trudimo, da z obujanjem, spodbujanjem in nadaljevanjem \u010dudovitega slovenskega obi\u010daja v otrocih zanetimo iskrico navdu\u0161enja in spo\u0161tovanja do&#8230;<\/p>\n","protected":false},"author":16,"featured_media":8351,"comment_status":"closed","ping_status":"closed","sticky":false,"template":"","format":"standard","meta":{"footnotes":""},"categories":[15],"tags":[],"jetpack_featured_media_url":"https:\/\/vrtec-sezana.si\/wp-content\/uploads\/2024\/02\/IMG_20240220_062201-scaled.jpg","_links":{"self":[{"href":"https:\/\/vrtec-sezana.si\/index.php?rest_route=\/wp\/v2\/posts\/8349"}],"collection":[{"href":"https:\/\/vrtec-sezana.si\/index.php?rest_route=\/wp\/v2\/posts"}],"about":[{"href":"https:\/\/vrtec-sezana.si\/index.php?rest_route=\/wp\/v2\/types\/post"}],"author":[{"embeddable":true,"href":"https:\/\/vrtec-sezana.si\/index.php?rest_route=\/wp\/v2\/users\/16"}],"replies":[{"embeddable":true,"href":"https:\/\/vrtec-sezana.si\/index.php?rest_route=%2Fwp%2Fv2%2Fcomments&post=8349"}],"version-history":[{"count":2,"href":"https:\/\/vrtec-sezana.si\/index.php?rest_route=\/wp\/v2\/posts\/8349\/revisions"}],"predecessor-version":[{"id":8406,"href":"https:\/\/vrtec-sezana.si\/index.php?rest_route=\/wp\/v2\/posts\/8349\/revisions\/8406"}],"wp:featuredmedia":[{"embeddable":true,"href":"https:\/\/vrtec-sezana.si\/index.php?rest_route=\/wp\/v2\/media\/8351"}],"wp:attachment":[{"href":"https:\/\/vrtec-sezana.si\/index.php?rest_route=%2Fwp%2Fv2%2Fmedia&parent=8349"}],"wp:term":[{"taxonomy":"category","embeddable":true,"href":"https:\/\/vrtec-sezana.si\/index.php?rest_route=%2Fwp%2Fv2%2Fcategories&post=8349"},{"taxonomy":"post_tag","embeddable":true,"href":"https:\/\/vrtec-sezana.si\/index.php?rest_route=%2Fwp%2Fv2%2Ftags&post=8349"}],"curies":[{"name":"wp","href":"https:\/\/api.w.org\/{rel}","templated":true}]}}