{"id":8309,"date":"2024-01-15T18:46:02","date_gmt":"2024-01-15T17:46:02","guid":{"rendered":"https:\/\/vrtec-sezana.si\/?p=8309"},"modified":"2024-03-02T14:57:06","modified_gmt":"2024-03-02T13:57:06","slug":"dogajanje-v-januarju-v-skupini-racke","status":"publish","type":"post","link":"https:\/\/vrtec-sezana.si\/?p=8309","title":{"rendered":"Dogajanje v januarju v skupini Ra\u010dke"},"content":{"rendered":"\n<p>Januar je bil v na\u0161i skupini posve\u010den pravljici o rokavi\u010dki. Razvoj jezika je naravno vpleten v vsa podro\u010dja dejavnosti pri pred\u0161olskem otroku. Otroci se u\u010dijo jezika ob poslu\u0161anju vsakodnevnih pogovorov in pripovedovanja literarnih besedil, ob poslu\u0161anju glasnega branja odraslih, s pripovedovanjem, opisovanjem\u2026Obnavljali smo pravljico ob slikanici in ilustracijah katere smo zalepili na omaro. Tako so se otroci pogosto zadr\u017eevali in sami po svojih zmo\u017enostih pripovedovali. Ogledali smo si tudi posnetek na ra\u010dunalniku ter pravljico dramatizirali z lutkami. Zelo so jih pritegnile \u017eivali, ki nastopajo v njej, zato smo ve\u010dkrat posnemali njihovo gibanje. Peli smo &nbsp;pesmice ter se nau\u010dili novo pesem o \u017divalih pozimi ter spoznali deklamacijo o kapi. Bili smo tudi ustvarjalni. Izdelali smo kapo ter iz delov v celoto sestavljali rokavi\u010dko. Iskali smo pare nogavic, postavljali kocke na \u0161al v zaporedju ter razvr\u0161\u010dali sli\u010dice v obro\u010de. Urili smo tudi na\u0161e prstke in se trudili pripenjati \u0161\u010dipalke na vrvico.<\/p>\n\n\n\n<p>Kljub temu, da smo sedaj s pravljico zaklju\u010dili, je iz vedenja otrok razvidno, da jih je pravljica pritegnila saj se \u0161e vedno radi zadr\u017eujejo ob ilustracijah ter se ob njih pogovarjajo.<\/p>\n\n\n\n<p>Besedilo: Katarina \u010cernigoj<\/p>\n\n\n\n<p>Fotografija: Katarina \u010cernigoj<\/p>\n\n\n\n<div class=\"wp-block-buttons is-layout-flex wp-block-buttons-is-layout-flex\">\n<div class=\"wp-block-button\"><a class=\"wp-block-button__link wp-element-button\" href=\"https:\/\/vrtec-sezana.si\/?page_id=8289\">GALERIJA<\/a><\/div>\n<\/div>\n","protected":false},"excerpt":{"rendered":"<p>Januar je bil v na\u0161i skupini posve\u010den pravljici o rokavi\u010dki. Razvoj jezika je naravno vpleten v vsa podro\u010dja dejavnosti pri pred\u0161olskem otroku. Otroci se u\u010dijo jezika ob poslu\u0161anju vsakodnevnih pogovorov in pripovedovanja literarnih besedil, ob poslu\u0161anju glasnega branja odraslih, s pripovedovanjem, opisovanjem\u2026Obnavljali&#8230;<\/p>\n","protected":false},"author":16,"featured_media":509,"comment_status":"closed","ping_status":"closed","sticky":false,"template":"","format":"standard","meta":{"footnotes":""},"categories":[15],"tags":[],"jetpack_featured_media_url":"https:\/\/vrtec-sezana.si\/wp-content\/uploads\/2023\/11\/OpisStanjel-1.jpg","_links":{"self":[{"href":"https:\/\/vrtec-sezana.si\/index.php?rest_route=\/wp\/v2\/posts\/8309"}],"collection":[{"href":"https:\/\/vrtec-sezana.si\/index.php?rest_route=\/wp\/v2\/posts"}],"about":[{"href":"https:\/\/vrtec-sezana.si\/index.php?rest_route=\/wp\/v2\/types\/post"}],"author":[{"embeddable":true,"href":"https:\/\/vrtec-sezana.si\/index.php?rest_route=\/wp\/v2\/users\/16"}],"replies":[{"embeddable":true,"href":"https:\/\/vrtec-sezana.si\/index.php?rest_route=%2Fwp%2Fv2%2Fcomments&post=8309"}],"version-history":[{"count":1,"href":"https:\/\/vrtec-sezana.si\/index.php?rest_route=\/wp\/v2\/posts\/8309\/revisions"}],"predecessor-version":[{"id":8310,"href":"https:\/\/vrtec-sezana.si\/index.php?rest_route=\/wp\/v2\/posts\/8309\/revisions\/8310"}],"wp:featuredmedia":[{"embeddable":true,"href":"https:\/\/vrtec-sezana.si\/index.php?rest_route=\/wp\/v2\/media\/509"}],"wp:attachment":[{"href":"https:\/\/vrtec-sezana.si\/index.php?rest_route=%2Fwp%2Fv2%2Fmedia&parent=8309"}],"wp:term":[{"taxonomy":"category","embeddable":true,"href":"https:\/\/vrtec-sezana.si\/index.php?rest_route=%2Fwp%2Fv2%2Fcategories&post=8309"},{"taxonomy":"post_tag","embeddable":true,"href":"https:\/\/vrtec-sezana.si\/index.php?rest_route=%2Fwp%2Fv2%2Ftags&post=8309"}],"curies":[{"name":"wp","href":"https:\/\/api.w.org\/{rel}","templated":true}]}}