{"id":8119,"date":"2024-02-29T23:59:04","date_gmt":"2024-02-29T22:59:04","guid":{"rendered":"https:\/\/vrtec-sezana.si\/?p=8119"},"modified":"2024-02-29T23:59:04","modified_gmt":"2024-02-29T22:59:04","slug":"frituleeee","status":"publish","type":"post","link":"https:\/\/vrtec-sezana.si\/?p=8119","title":{"rendered":"Frituleeee"},"content":{"rendered":"\n<p>V \u010dasu pusta di\u0161i po krofih, flancatih in fritulah. Prav fritule so bile tiste, ki smo si jih za\u017eeleli pripraviti v vrtcu Lokev.<\/p>\n\n\n\n<p>Vse potrebne sestavine smo priskrbeli zato je bilo potrebno zavihati rokave in pripraviti maso.<\/p>\n\n\n\n<p>Otroke sem povabila v kuhinjo, kjer so vse sestavine, ki smo jih potrebovali poimenovali. \u010ce kak\u0161nih niso prepoznali so jih tudi poskusili.<\/p>\n\n\n\n<p>Masa je bila en, dva, tri pripravljena. Otroci so rajali ob glasbi. Peka fritul pa se je pri\u010dela. Olje se je segrelo in prve fritule iz kuhinje so \u017ee zadi\u0161ale.<\/p>\n\n\n\n<p>Otroke je vonj fritul hitro privabil k pustno obarvanim mizam, kjer so fritule z veseljem pojedli. Fritule so hitro zmanjakle.<\/p>\n\n\n\n<p>Izjave otrok:<\/p>\n\n\n\n<p>\u00bbFull so ble dobre\u00ab<\/p>\n\n\n\n<p>\u00bbJs bi \u0161e\u00ab<\/p>\n\n\n\n<p>\u00bbBomo jutri tudi delali fritule\u00ab<\/p>\n\n\n\n<p>\u00bbJs bi delala take fritule doma z mamo\u00ab<\/p>\n\n\n\n<p>Na \u017eeljo otrok smo v koti\u010dku za star\u0161e objavili sestavine in recept, ki jih potrebujemo za fritule.<\/p>\n\n\n\n<p>Besedilo: Nada Ma\u010dinkovi\u0107<\/p>\n\n\n\n<p>Fotografije: Nada Ma\u010dinkovi\u0107<\/p>\n\n\n\n<p><\/p>\n\n\n\n<p><br><\/p>\n\n\n\n<p><\/p>\n\n\n\n<p><\/p>\n\n\n\n<p><\/p>\n\n\n\n<div class=\"wp-block-buttons is-layout-flex wp-block-buttons-is-layout-flex\">\n<div class=\"wp-block-button\"><a class=\"wp-block-button__link wp-element-button\" href=\"https:\/\/vrtec-sezana.si\/?page_id=8103\">GALERIJA<\/a><\/div>\n<\/div>\n","protected":false},"excerpt":{"rendered":"<p>V \u010dasu pusta di\u0161i po krofih, flancatih in fritulah. Prav fritule so bile tiste, ki smo si jih za\u017eeleli pripraviti v vrtcu Lokev. Vse potrebne sestavine smo priskrbeli zato je bilo potrebno zavihati rokave in pripraviti maso. Otroke sem povabila v kuhinjo,&#8230;<\/p>\n","protected":false},"author":23,"featured_media":8116,"comment_status":"closed","ping_status":"closed","sticky":false,"template":"","format":"standard","meta":{"footnotes":""},"categories":[13],"tags":[],"jetpack_featured_media_url":"https:\/\/vrtec-sezana.si\/wp-content\/uploads\/2024\/02\/IMG_20240206_095930-scaled.jpg","_links":{"self":[{"href":"https:\/\/vrtec-sezana.si\/index.php?rest_route=\/wp\/v2\/posts\/8119"}],"collection":[{"href":"https:\/\/vrtec-sezana.si\/index.php?rest_route=\/wp\/v2\/posts"}],"about":[{"href":"https:\/\/vrtec-sezana.si\/index.php?rest_route=\/wp\/v2\/types\/post"}],"author":[{"embeddable":true,"href":"https:\/\/vrtec-sezana.si\/index.php?rest_route=\/wp\/v2\/users\/23"}],"replies":[{"embeddable":true,"href":"https:\/\/vrtec-sezana.si\/index.php?rest_route=%2Fwp%2Fv2%2Fcomments&post=8119"}],"version-history":[{"count":1,"href":"https:\/\/vrtec-sezana.si\/index.php?rest_route=\/wp\/v2\/posts\/8119\/revisions"}],"predecessor-version":[{"id":8120,"href":"https:\/\/vrtec-sezana.si\/index.php?rest_route=\/wp\/v2\/posts\/8119\/revisions\/8120"}],"wp:featuredmedia":[{"embeddable":true,"href":"https:\/\/vrtec-sezana.si\/index.php?rest_route=\/wp\/v2\/media\/8116"}],"wp:attachment":[{"href":"https:\/\/vrtec-sezana.si\/index.php?rest_route=%2Fwp%2Fv2%2Fmedia&parent=8119"}],"wp:term":[{"taxonomy":"category","embeddable":true,"href":"https:\/\/vrtec-sezana.si\/index.php?rest_route=%2Fwp%2Fv2%2Fcategories&post=8119"},{"taxonomy":"post_tag","embeddable":true,"href":"https:\/\/vrtec-sezana.si\/index.php?rest_route=%2Fwp%2Fv2%2Ftags&post=8119"}],"curies":[{"name":"wp","href":"https:\/\/api.w.org\/{rel}","templated":true}]}}