{"id":8101,"date":"2024-02-29T23:51:38","date_gmt":"2024-02-29T22:51:38","guid":{"rendered":"https:\/\/vrtec-sezana.si\/?p=8101"},"modified":"2024-02-29T23:51:39","modified_gmt":"2024-02-29T22:51:39","slug":"juhuuu-sneg-je-tu","status":"publish","type":"post","link":"https:\/\/vrtec-sezana.si\/?p=8101","title":{"rendered":"Juhuuu sneg je tu"},"content":{"rendered":"\n<p>Zjutraj smo se prebudili v mrzlo zimsko jutro vendar snega takrat \u0161e ni bilo. Medtem ko smo jedli zajtrk pa smo &#8220;medvedki&#8221; opazili, da zunaj padajo bele sne\u017einke takrat smo stopili bli\u017eje k oknu in sli\u0161ali veselje otrok \u00bbJuhuuu sneg je tu\u00ab.<\/p>\n\n\n\n<p>Pri \u00bbmedvedkih\u00ab smo \u017ee dan prej pobarvali risalni list z modro barvo s pomo\u010djo reliefne gobice. Na tem listu so otroci sestavili in zalepili sne\u017eaka, ki smo ga oddeli v zimska obla\u010dila ter mu prilepili koren\u010dek za nos in narisali o\u010di. Mogo\u010de smo pa sneg sami priklicali.<\/p>\n\n\n\n<p>Vedeli smo kaj vse moramo oble\u010di, da gremo lahko na sneg in kaj vse potrebujemo, da naredimo sne\u017eaka.<\/p>\n\n\n\n<p>Z otroci smo se hitro oblekli in pripravili za igro na snegu. Brrr bilo je malo mrzlo a tudi lepo. Saj smo bili dele\u017eni \u010darobnosti zime.<\/p>\n\n\n\n<p>Besedilo: Nada Ma\u010dinkovi\u0107<\/p>\n\n\n\n<p>Fotografije: Nada Ma\u010dinkovi\u0107<\/p>\n\n\n\n<p><br><\/p>\n\n\n\n<p><\/p>\n\n\n\n<p><\/p>\n\n\n\n<p><\/p>\n\n\n\n<div class=\"wp-block-buttons is-layout-flex wp-block-buttons-is-layout-flex\">\n<div class=\"wp-block-button\"><a class=\"wp-block-button__link wp-element-button\" href=\"https:\/\/vrtec-sezana.si\/?page_id=8086\">GALERIJA<\/a><\/div>\n<\/div>\n","protected":false},"excerpt":{"rendered":"<p>Zjutraj smo se prebudili v mrzlo zimsko jutro vendar snega takrat \u0161e ni bilo. Medtem ko smo jedli zajtrk pa smo &#8220;medvedki&#8221; opazili, da zunaj padajo bele sne\u017einke takrat smo stopili bli\u017eje k oknu in sli\u0161ali veselje otrok \u00bbJuhuuu sneg je tu\u00ab&#8230;.<\/p>\n","protected":false},"author":23,"featured_media":8099,"comment_status":"closed","ping_status":"closed","sticky":false,"template":"","format":"standard","meta":{"footnotes":""},"categories":[13],"tags":[],"jetpack_featured_media_url":"https:\/\/vrtec-sezana.si\/wp-content\/uploads\/2024\/02\/bec4808720ebcc6f4e19cb2c31d1ccd2.jpg","_links":{"self":[{"href":"https:\/\/vrtec-sezana.si\/index.php?rest_route=\/wp\/v2\/posts\/8101"}],"collection":[{"href":"https:\/\/vrtec-sezana.si\/index.php?rest_route=\/wp\/v2\/posts"}],"about":[{"href":"https:\/\/vrtec-sezana.si\/index.php?rest_route=\/wp\/v2\/types\/post"}],"author":[{"embeddable":true,"href":"https:\/\/vrtec-sezana.si\/index.php?rest_route=\/wp\/v2\/users\/23"}],"replies":[{"embeddable":true,"href":"https:\/\/vrtec-sezana.si\/index.php?rest_route=%2Fwp%2Fv2%2Fcomments&post=8101"}],"version-history":[{"count":1,"href":"https:\/\/vrtec-sezana.si\/index.php?rest_route=\/wp\/v2\/posts\/8101\/revisions"}],"predecessor-version":[{"id":8102,"href":"https:\/\/vrtec-sezana.si\/index.php?rest_route=\/wp\/v2\/posts\/8101\/revisions\/8102"}],"wp:featuredmedia":[{"embeddable":true,"href":"https:\/\/vrtec-sezana.si\/index.php?rest_route=\/wp\/v2\/media\/8099"}],"wp:attachment":[{"href":"https:\/\/vrtec-sezana.si\/index.php?rest_route=%2Fwp%2Fv2%2Fmedia&parent=8101"}],"wp:term":[{"taxonomy":"category","embeddable":true,"href":"https:\/\/vrtec-sezana.si\/index.php?rest_route=%2Fwp%2Fv2%2Fcategories&post=8101"},{"taxonomy":"post_tag","embeddable":true,"href":"https:\/\/vrtec-sezana.si\/index.php?rest_route=%2Fwp%2Fv2%2Ftags&post=8101"}],"curies":[{"name":"wp","href":"https:\/\/api.w.org\/{rel}","templated":true}]}}