{"id":8081,"date":"2024-02-29T19:56:19","date_gmt":"2024-02-29T18:56:19","guid":{"rendered":"https:\/\/vrtec-sezana.si\/?p=8081"},"modified":"2024-02-29T19:58:09","modified_gmt":"2024-02-29T18:58:09","slug":"ogled-gasilske-garaze-2","status":"publish","type":"post","link":"https:\/\/vrtec-sezana.si\/?p=8081","title":{"rendered":"Ogled gasilske gara\u017ee"},"content":{"rendered":"\n<p>Otroci iz skupine &#8220;Zaj\u010dki&#8221; se zelo radi odpravijo na sprehod do gasilcev. Tokrat smo se odpravili tja skupaj z na\u0161imi prijatelji, z otroki iz skupine &#8220;Lev\u010dki&#8221;. Kljub temu, da so nas na sprehodu pozdravile tudi drobne kaplje, je vreme zdr\u017ealo, gasilec Amadej pa nam je gara\u017eo tudi odprl in razkazal. Ne samo, da so lahko otroci pokukali v tovornjake, ogledali smo si tudi, kako se pri\u017egejo lu\u010di na tovornjaku. V gara\u017ei je bilo veliko zanimivih vozil, ogledali smo si tudi gasilko opremo, poleg tega pa nam je prijazni gasilec Amadej pokazal tudi telovadnico, kjer trenirajo, da ostanejo v formi. <br><br>Kaj so pa o obisku povedali otroci?<br>&#8211; Je bil gospod, en gasilec, je odpru vrata. <br>&#8211; Je na eni strani padal de\u017e, na drugi strani pa ni bil de\u017e. <br>&#8211; Smo vidli lu\u010dke od gasilca. <br>&#8211; Jaz se nisem bala gasilca, sem se bala pokanja. <br>&#8211; Smo vidli telovadnico in bicikl.<br>&#8211; So imeli gasilci kape in \u010delade za dat na glavo, visoke \u010devlje in \u0161kornje. <br>&#8211; Smo vidli elektriko za v\u017egat (polnilne kable).<br>&#8211; Je padal de\u017e, je bilo mokro igri\u0161\u010de in je bila kapa tam, jo je pozabil dedek Mraz. Ali pa fantek. Jo je pozabil. In zdej je mokra&#8230; <br>&#8211; Sem poznal gasilca Amadeja, je moj. <br>&#8211; Je pokazal lu\u010dke, \u010delade, bicikla, da se lohko vozi nutri. <br>&#8211; Nobeden se ni bal, samo A. (fantek iz druge skupine). Ma ni blo ni\u010d, ve\u0161? Je bla tema, ve\u0161? In so svetle lu\u010dke poli&#8230; In je nehal jokat&#8230; <br>&#8211; Sem vidla stvari v kamionu.  <br>&#8211; Je blo dosti kamionov in tudi d\u017eip. <br>&#8211; Ja, d\u017eip je bil na cesti, smo mahali na igri\u0161\u010du. <br>&#8211; Smo se slikali v gara\u017ei. <br>&#8211; Jst sem lohko z&#8217;pru vrata, ve\u0161? Ku je moj Amadej gasilec. <br>&#8211; Ku smo \u0161li stran, smo rekli, hvala, pridemo \u0161e!<br><br>Obisk je vsem veliko pomenil, najlep\u0161e se zahvaljujemo gasilcem ZGRS Se\u017eana, da vrt\u010devskim otrokom vedno z veseljem odprejo svoja vrata in nas dobre volje sprejmejo.<\/p>\n\n\n\n<p>Besedilo: Mateja Lah Vojska<br><br>Fotografije: Mateja LV in Bla\u017e Ukmar<\/p>\n\n\n\n<p><\/p>\n\n\n\n<p><\/p>\n\n\n\n<div class=\"wp-block-buttons is-layout-flex wp-block-buttons-is-layout-flex\">\n<div class=\"wp-block-button\"><a class=\"wp-block-button__link wp-element-button\" href=\"https:\/\/vrtec-sezana.si\/?page_id=8062\">GALERIJA<\/a><\/div>\n<\/div>\n","protected":false},"excerpt":{"rendered":"<p>Otroci iz skupine &#8220;Zaj\u010dki&#8221; se zelo radi odpravijo na sprehod do gasilcev. Tokrat smo se odpravili tja skupaj z na\u0161imi prijatelji, z otroki iz skupine &#8220;Lev\u010dki&#8221;. Kljub temu, da so nas na sprehodu pozdravile tudi drobne kaplje, je vreme zdr\u017ealo, gasilec Amadej&#8230;<\/p>\n","protected":false},"author":6,"featured_media":8082,"comment_status":"closed","ping_status":"closed","sticky":false,"template":"","format":"standard","meta":{"footnotes":""},"categories":[6],"tags":[],"jetpack_featured_media_url":"https:\/\/vrtec-sezana.si\/wp-content\/uploads\/2024\/02\/20230829_1016341.jpg","_links":{"self":[{"href":"https:\/\/vrtec-sezana.si\/index.php?rest_route=\/wp\/v2\/posts\/8081"}],"collection":[{"href":"https:\/\/vrtec-sezana.si\/index.php?rest_route=\/wp\/v2\/posts"}],"about":[{"href":"https:\/\/vrtec-sezana.si\/index.php?rest_route=\/wp\/v2\/types\/post"}],"author":[{"embeddable":true,"href":"https:\/\/vrtec-sezana.si\/index.php?rest_route=\/wp\/v2\/users\/6"}],"replies":[{"embeddable":true,"href":"https:\/\/vrtec-sezana.si\/index.php?rest_route=%2Fwp%2Fv2%2Fcomments&post=8081"}],"version-history":[{"count":3,"href":"https:\/\/vrtec-sezana.si\/index.php?rest_route=\/wp\/v2\/posts\/8081\/revisions"}],"predecessor-version":[{"id":8085,"href":"https:\/\/vrtec-sezana.si\/index.php?rest_route=\/wp\/v2\/posts\/8081\/revisions\/8085"}],"wp:featuredmedia":[{"embeddable":true,"href":"https:\/\/vrtec-sezana.si\/index.php?rest_route=\/wp\/v2\/media\/8082"}],"wp:attachment":[{"href":"https:\/\/vrtec-sezana.si\/index.php?rest_route=%2Fwp%2Fv2%2Fmedia&parent=8081"}],"wp:term":[{"taxonomy":"category","embeddable":true,"href":"https:\/\/vrtec-sezana.si\/index.php?rest_route=%2Fwp%2Fv2%2Fcategories&post=8081"},{"taxonomy":"post_tag","embeddable":true,"href":"https:\/\/vrtec-sezana.si\/index.php?rest_route=%2Fwp%2Fv2%2Ftags&post=8081"}],"curies":[{"name":"wp","href":"https:\/\/api.w.org\/{rel}","templated":true}]}}