{"id":8060,"date":"2024-02-29T17:21:21","date_gmt":"2024-02-29T16:21:21","guid":{"rendered":"https:\/\/vrtec-sezana.si\/?p=8060"},"modified":"2024-02-29T17:21:21","modified_gmt":"2024-02-29T16:21:21","slug":"gozd-in-naravno-okolje-skozi-otrokove-oci-unescov-projekt-v-skupini-netopircki","status":"publish","type":"post","link":"https:\/\/vrtec-sezana.si\/?p=8060","title":{"rendered":"Gozd in naravno okolje skozi otrokove o\u010di (Unescov projekt v skupini Netopir\u010dki)"},"content":{"rendered":"\n<p>V skupini Netopir\u010dki se redno odpravljamo v gozd. Tako smo se odpravili \u017ee na nekaj planinskih pohodov, kjer je najve\u010dji izziv hoja v strm teren ali dalj\u0161a \u010dasovna dol\u017eina samega pohoda. Otroci so vedno navdu\u0161eni nad razgledom z vi\u0161ine. Opazovalni obiski gozda so namenjeni poslu\u0161anju, opazovanju, skrbi za \u017eivljenje v gozdu. Opazovali pa smo tudi \u017eivalske sledi. &nbsp;Izvedli smo tudi zanimiv orientacijski pohod, ter obisk na\u0161e naravne in kulturne dedi\u0161\u010dine (pastirska hi\u0161ica, kal, suhi zid, nova \u0161tirna, &#8230;.). &nbsp;Otrokom pa vedno najbolj ostanejo v spominu igralne ure v gozdu.<\/p>\n\n\n\n<p>Ob ogledu fotografij v albumu na\u0161e skupine smo se pogovarjali o tem, kaj vse smo do\u017eiveli v gozdu in zakaj se nam zdi pomemben. Gozd predstavlja otrokom pomemben u\u010dni prostor, v katerem se preko igre in raziskovanja veliko u\u010dijo, v njem so spro\u0161\u010deni, vanj se radi vra\u010dajo. Ponuja marsikaj, kaj otrokom omogo\u010da zdravo odra\u0161\u010danje (gibanje, razvijanje pozitivnih vrednot, jih spro\u0161\u010da, &#8230;). Je poln \u017eivali in rastlin, do katerih otroci gojijo spo\u0161tljiv odnos, v sebi pa skriva tudi veliko naravne in kulturne dedi\u0161\u010dine. Izrednega pomena se nam zdi, da se otroci nau\u010dijo dojemati gozd kot vrednoto, ki jo bodo znali varovati, spo\u0161tovati, skrbeti zanjo in se bodo vanj vedno radi vra\u010dali.<\/p>\n\n\n\n<p>Izjave otrok:<br>&#8211; V\u0161e\u010d mi je bilo, ko smo na\u0161li gosenico. (Iris)<br>&#8211; Kako je bilo dobro, ko smo se &#8220;cingali&#8221; (=gugali) na lijani. (Neja, Ledri, Katarina, Teodora)<br>&#8211; S Tinkaro sva delali hi\u0161ko za pal\u010dke iz kamnov. Kaj misli\u0161, da \u0161e stoji? (Erika)<br>&#8211; Jaz vedno splezam najvi\u0161je na drevo. Glej, sem narisal tudi visoke veje. (Gabrijel)<br>&#8211; Smo delali velike in majhne hi\u0161ke iz vej. Meni je bila lepa tista velika, da smo \u0161li noter. (Evan, Lara, Vid)<br>&#8211; Sem splezala visoko. (Lejan, mlaj\u0161a za eno leto od vseh. Izredno ponosna na svoj uspeh)<br>&#8211; Smo na\u0161li uno staro desko v gozdu in smo dali spodaj kamen in smo naredili gugalnico. Je bilo super. (Tinkara)<br>&#8211; V gozdu je bilo dobro, ko smo iskali markacije in so nam pokazale pravo pot. (Adna, Edvin, Anila)<br>&#8211; Mi je bilo dobro, da je bil tudi moj brat (dvoj\u010dek) in smo se skrivali. (Joel)<br>&#8211; Lepo je bilo, ko smo zaprli o\u010di in smo poslu\u0161ali zvoke. (Metka)<br>&#8211; Je blo mi v\u0161e\u010d, ko smo videli uni zid, suhi zid, ku se ne sme plezat gor. Je bil lep. (Izet)<br>&#8211; V gozdu lahko polno tekam s prijatelji. (Vanesa)<\/p>\n\n\n\n<p>Besedilo: Anja Kristan<\/p>\n\n\n\n<p><\/p>\n\n\n\n<p><\/p>\n\n\n\n<div class=\"wp-block-buttons is-layout-flex wp-block-buttons-is-layout-flex\">\n<div class=\"wp-block-button\"><a class=\"wp-block-button__link wp-element-button\" href=\"https:\/\/vrtec-sezana.si\/?page_id=8040\">GALERIJA<\/a><\/div>\n<\/div>\n","protected":false},"excerpt":{"rendered":"<p>V skupini Netopir\u010dki se redno odpravljamo v gozd. Tako smo se odpravili \u017ee na nekaj planinskih pohodov, kjer je najve\u010dji izziv hoja v strm teren ali dalj\u0161a \u010dasovna dol\u017eina samega pohoda. Otroci so vedno navdu\u0161eni nad razgledom z vi\u0161ine. Opazovalni obiski gozda&#8230;<\/p>\n","protected":false},"author":5,"featured_media":8057,"comment_status":"closed","ping_status":"closed","sticky":false,"template":"","format":"standard","meta":{"footnotes":""},"categories":[8],"tags":[],"jetpack_featured_media_url":"https:\/\/vrtec-sezana.si\/wp-content\/uploads\/2024\/02\/IMG_1639-scaled.jpg","_links":{"self":[{"href":"https:\/\/vrtec-sezana.si\/index.php?rest_route=\/wp\/v2\/posts\/8060"}],"collection":[{"href":"https:\/\/vrtec-sezana.si\/index.php?rest_route=\/wp\/v2\/posts"}],"about":[{"href":"https:\/\/vrtec-sezana.si\/index.php?rest_route=\/wp\/v2\/types\/post"}],"author":[{"embeddable":true,"href":"https:\/\/vrtec-sezana.si\/index.php?rest_route=\/wp\/v2\/users\/5"}],"replies":[{"embeddable":true,"href":"https:\/\/vrtec-sezana.si\/index.php?rest_route=%2Fwp%2Fv2%2Fcomments&post=8060"}],"version-history":[{"count":1,"href":"https:\/\/vrtec-sezana.si\/index.php?rest_route=\/wp\/v2\/posts\/8060\/revisions"}],"predecessor-version":[{"id":8061,"href":"https:\/\/vrtec-sezana.si\/index.php?rest_route=\/wp\/v2\/posts\/8060\/revisions\/8061"}],"wp:featuredmedia":[{"embeddable":true,"href":"https:\/\/vrtec-sezana.si\/index.php?rest_route=\/wp\/v2\/media\/8057"}],"wp:attachment":[{"href":"https:\/\/vrtec-sezana.si\/index.php?rest_route=%2Fwp%2Fv2%2Fmedia&parent=8060"}],"wp:term":[{"taxonomy":"category","embeddable":true,"href":"https:\/\/vrtec-sezana.si\/index.php?rest_route=%2Fwp%2Fv2%2Fcategories&post=8060"},{"taxonomy":"post_tag","embeddable":true,"href":"https:\/\/vrtec-sezana.si\/index.php?rest_route=%2Fwp%2Fv2%2Ftags&post=8060"}],"curies":[{"name":"wp","href":"https:\/\/api.w.org\/{rel}","templated":true}]}}