{"id":7994,"date":"2024-02-28T20:57:56","date_gmt":"2024-02-28T19:57:56","guid":{"rendered":"https:\/\/vrtec-sezana.si\/?p=7994"},"modified":"2024-02-28T20:57:56","modified_gmt":"2024-02-28T19:57:56","slug":"kako-disi-iz-nase-kuhinje","status":"publish","type":"post","link":"https:\/\/vrtec-sezana.si\/?p=7994","title":{"rendered":"Kako di\u0161i iz na\u0161e kuhinje"},"content":{"rendered":"\n<p>Otroci v vrtcih pre\u017eivijo ve\u010dji del dneva in tako pokrijejo pomemben del prehranskih potreb.&nbsp; Za organizirano prehrano otrok v vrtcu je odgovorno strokovno usposobljeno osebje. Organizirana prehrana v vrtcih ima dolgo tradicijo in skrbi, da so vsi ponujeni obroki pravilno sestavljeni, da osebje, ki na\u010drtuje in pripravlja obroke, pozna na\u010dela prehranskih priporo\u010dil in jih pri svojem delu v \u010dim ve\u010dji meri tudi upo\u0161teva.<\/p>\n\n\n\n<p>Vklju\u010duje se raznoliko zelenjavo in sadje v vsak obrok, s poudarkom&nbsp;na sezonsko in lokalno pridelano hrano. Ve\u010dkrat na dan otroci pijejo vodo ali nesladkani \u010daj. Otroke navajamo na kulturno prehranjevanje in prijetno dru\u017eenje ob hrani. Zelo radi jemo in komaj \u010dakamo obroke hrane, naj bo to zajtrk, sadna malica ali kosilo. Smo pravi jedci, ki vse pojemo in sladkemu se te\u017eko upremo.<\/p>\n\n\n\n<p>Besedilo: Alenka Poto\u010dnik<\/p>\n\n\n\n<p>Fotografije: Alenka Poto\u010dnik<\/p>\n\n\n\n<p><\/p>\n\n\n\n<div class=\"wp-block-buttons is-layout-flex wp-block-buttons-is-layout-flex\">\n<div class=\"wp-block-button\"><a class=\"wp-block-button__link wp-element-button\" href=\"https:\/\/vrtec-sezana.si\/?page_id=7996\">GALERIJA<\/a><\/div>\n<\/div>\n","protected":false},"excerpt":{"rendered":"<p>Otroci v vrtcih pre\u017eivijo ve\u010dji del dneva in tako pokrijejo pomemben del prehranskih potreb.&nbsp; Za organizirano prehrano otrok v vrtcu je odgovorno strokovno usposobljeno osebje. Organizirana prehrana v vrtcih ima dolgo tradicijo in skrbi, da so vsi ponujeni obroki pravilno sestavljeni, da&#8230;<\/p>\n","protected":false},"author":22,"featured_media":7998,"comment_status":"closed","ping_status":"closed","sticky":false,"template":"","format":"standard","meta":{"footnotes":""},"categories":[6],"tags":[],"jetpack_featured_media_url":"https:\/\/vrtec-sezana.si\/wp-content\/uploads\/2024\/02\/IMG-20240226-WA0000.jpg","_links":{"self":[{"href":"https:\/\/vrtec-sezana.si\/index.php?rest_route=\/wp\/v2\/posts\/7994"}],"collection":[{"href":"https:\/\/vrtec-sezana.si\/index.php?rest_route=\/wp\/v2\/posts"}],"about":[{"href":"https:\/\/vrtec-sezana.si\/index.php?rest_route=\/wp\/v2\/types\/post"}],"author":[{"embeddable":true,"href":"https:\/\/vrtec-sezana.si\/index.php?rest_route=\/wp\/v2\/users\/22"}],"replies":[{"embeddable":true,"href":"https:\/\/vrtec-sezana.si\/index.php?rest_route=%2Fwp%2Fv2%2Fcomments&post=7994"}],"version-history":[{"count":2,"href":"https:\/\/vrtec-sezana.si\/index.php?rest_route=\/wp\/v2\/posts\/7994\/revisions"}],"predecessor-version":[{"id":8021,"href":"https:\/\/vrtec-sezana.si\/index.php?rest_route=\/wp\/v2\/posts\/7994\/revisions\/8021"}],"wp:featuredmedia":[{"embeddable":true,"href":"https:\/\/vrtec-sezana.si\/index.php?rest_route=\/wp\/v2\/media\/7998"}],"wp:attachment":[{"href":"https:\/\/vrtec-sezana.si\/index.php?rest_route=%2Fwp%2Fv2%2Fmedia&parent=7994"}],"wp:term":[{"taxonomy":"category","embeddable":true,"href":"https:\/\/vrtec-sezana.si\/index.php?rest_route=%2Fwp%2Fv2%2Fcategories&post=7994"},{"taxonomy":"post_tag","embeddable":true,"href":"https:\/\/vrtec-sezana.si\/index.php?rest_route=%2Fwp%2Fv2%2Ftags&post=7994"}],"curies":[{"name":"wp","href":"https:\/\/api.w.org\/{rel}","templated":true}]}}