{"id":7992,"date":"2024-02-28T19:56:09","date_gmt":"2024-02-28T18:56:09","guid":{"rendered":"https:\/\/vrtec-sezana.si\/?p=7992"},"modified":"2024-02-28T19:56:10","modified_gmt":"2024-02-28T18:56:10","slug":"jupiiiii-kako-lepo-se-je-kotaliti","status":"publish","type":"post","link":"https:\/\/vrtec-sezana.si\/?p=7992","title":{"rendered":"Jupiiiii, kako lepo se je kotaliti!"},"content":{"rendered":"\n<p>\u010cisto pomladno toplo &nbsp;je bilo na dan, ko so se vsi otroci iz vrtca Lokev odpravili na pohod. Tako bi lahko zapisali, da je bil to pomladni pohod, \u010deprav je \u0161e vedno koledarska zima.<br>Med potjo smo opazovali kra\u0161ke suhe zidove in ugotavljali kdo jih je postavil, koliko \u010dasa in kako so jih zidali,&#8230; na njih smo opazovali rastlinje, jih potipali, povohali in nekaj poru\u0161enih kamnov tudi postavili nazaj na svoje mesto. Opazili smo tudi nekaj znanilcev pomladi, ki so kukali izpod listja. Kljub ob\u010dudovanju narave je sladka malica teknila vsem. Po kratkem po\u010ditku pa smo na\u0161li lep travnik in \u00bbJupiiii, kako lepo se je kotaliti navzdol!\u00ab<\/p>\n\n\n\n<p>Besedilo: Maja Anderli\u010d Mo\u017ee<br>Fotografije: arhiv vrtca Lokev<\/p>\n\n\n\n<p><br><\/p>\n\n\n\n<p><\/p>\n\n\n\n<p><\/p>\n\n\n\n<p><\/p>\n\n\n\n<div class=\"wp-block-buttons is-layout-flex wp-block-buttons-is-layout-flex\">\n<div class=\"wp-block-button\"><a class=\"wp-block-button__link wp-element-button\" href=\"https:\/\/vrtec-sezana.si\/?page_id=7805\">GALERIJA<\/a><\/div>\n<\/div>\n","protected":false},"excerpt":{"rendered":"<p>\u010cisto pomladno toplo &nbsp;je bilo na dan, ko so se vsi otroci iz vrtca Lokev odpravili na pohod. Tako bi lahko zapisali, da je bil to pomladni pohod, \u010deprav je \u0161e vedno koledarska zima.Med potjo smo opazovali kra\u0161ke suhe zidove in ugotavljali&#8230;<\/p>\n","protected":false},"author":23,"featured_media":7989,"comment_status":"closed","ping_status":"closed","sticky":false,"template":"","format":"standard","meta":{"footnotes":""},"categories":[13],"tags":[],"jetpack_featured_media_url":"https:\/\/vrtec-sezana.si\/wp-content\/uploads\/2024\/02\/pohod-scaled.jpg","_links":{"self":[{"href":"https:\/\/vrtec-sezana.si\/index.php?rest_route=\/wp\/v2\/posts\/7992"}],"collection":[{"href":"https:\/\/vrtec-sezana.si\/index.php?rest_route=\/wp\/v2\/posts"}],"about":[{"href":"https:\/\/vrtec-sezana.si\/index.php?rest_route=\/wp\/v2\/types\/post"}],"author":[{"embeddable":true,"href":"https:\/\/vrtec-sezana.si\/index.php?rest_route=\/wp\/v2\/users\/23"}],"replies":[{"embeddable":true,"href":"https:\/\/vrtec-sezana.si\/index.php?rest_route=%2Fwp%2Fv2%2Fcomments&post=7992"}],"version-history":[{"count":1,"href":"https:\/\/vrtec-sezana.si\/index.php?rest_route=\/wp\/v2\/posts\/7992\/revisions"}],"predecessor-version":[{"id":7993,"href":"https:\/\/vrtec-sezana.si\/index.php?rest_route=\/wp\/v2\/posts\/7992\/revisions\/7993"}],"wp:featuredmedia":[{"embeddable":true,"href":"https:\/\/vrtec-sezana.si\/index.php?rest_route=\/wp\/v2\/media\/7989"}],"wp:attachment":[{"href":"https:\/\/vrtec-sezana.si\/index.php?rest_route=%2Fwp%2Fv2%2Fmedia&parent=7992"}],"wp:term":[{"taxonomy":"category","embeddable":true,"href":"https:\/\/vrtec-sezana.si\/index.php?rest_route=%2Fwp%2Fv2%2Fcategories&post=7992"},{"taxonomy":"post_tag","embeddable":true,"href":"https:\/\/vrtec-sezana.si\/index.php?rest_route=%2Fwp%2Fv2%2Ftags&post=7992"}],"curies":[{"name":"wp","href":"https:\/\/api.w.org\/{rel}","templated":true}]}}