{"id":7984,"date":"2024-02-28T19:47:41","date_gmt":"2024-02-28T18:47:41","guid":{"rendered":"https:\/\/vrtec-sezana.si\/?p=7984"},"modified":"2024-02-28T19:48:14","modified_gmt":"2024-02-28T18:48:14","slug":"cas-za-glasbo","status":"publish","type":"post","link":"https:\/\/vrtec-sezana.si\/?p=7984","title":{"rendered":"\u010cas je za glasbo"},"content":{"rendered":"\n<p>Skupaj z otroki smo raziskovali male ritmi\u010dne instrumente (MRI) ter se preizku\u0161ali v igranju na le-te. Otroke sva spodbujali k glasbenem ustvarjanju, poslu\u0161anju ritma, ustvarjali in ponavljali smo kraj\u0161e ritmi\u010dne vzorce, z glasbenimi ugankami smo ugibali kateri instrument se ogla\u0161a, igrali smo se igre ter spoznavali jakost zvoka, ter kako zaigrati glasno oziroma tiho, prepoznavali smo razli\u010dne zvene,&#8230;<br>Najlep\u0161e pa je bilo, ko smo vsi skupaj korakali, zaigrali in zapeli znane pesmi.<\/p>\n\n\n\n<p>Besedilo: Maja Anderli\u010d Mo\u017ee<br>Fotografije: Maja Anderli\u010d Mo\u017ee&nbsp;<\/p>\n\n\n\n<p><br><\/p>\n\n\n\n<p><\/p>\n\n\n\n<p><\/p>\n\n\n\n<p><\/p>\n\n\n\n<div class=\"wp-block-buttons is-layout-flex wp-block-buttons-is-layout-flex\">\n<div class=\"wp-block-button\"><a class=\"wp-block-button__link wp-element-button\" href=\"https:\/\/vrtec-sezana.si\/?page_id=7745\">GALERIJA<\/a><\/div>\n<\/div>\n","protected":false},"excerpt":{"rendered":"<p>Skupaj z otroki smo raziskovali male ritmi\u010dne instrumente (MRI) ter se preizku\u0161ali v igranju na le-te. Otroke sva spodbujali k glasbenem ustvarjanju, poslu\u0161anju ritma, ustvarjali in ponavljali smo kraj\u0161e ritmi\u010dne vzorce, z glasbenimi ugankami smo ugibali kateri instrument se ogla\u0161a, igrali smo&#8230;<\/p>\n","protected":false},"author":23,"featured_media":7763,"comment_status":"closed","ping_status":"closed","sticky":false,"template":"","format":"standard","meta":{"footnotes":""},"categories":[13],"tags":[],"jetpack_featured_media_url":"https:\/\/vrtec-sezana.si\/wp-content\/uploads\/2024\/02\/000-2-scaled.jpg","_links":{"self":[{"href":"https:\/\/vrtec-sezana.si\/index.php?rest_route=\/wp\/v2\/posts\/7984"}],"collection":[{"href":"https:\/\/vrtec-sezana.si\/index.php?rest_route=\/wp\/v2\/posts"}],"about":[{"href":"https:\/\/vrtec-sezana.si\/index.php?rest_route=\/wp\/v2\/types\/post"}],"author":[{"embeddable":true,"href":"https:\/\/vrtec-sezana.si\/index.php?rest_route=\/wp\/v2\/users\/23"}],"replies":[{"embeddable":true,"href":"https:\/\/vrtec-sezana.si\/index.php?rest_route=%2Fwp%2Fv2%2Fcomments&post=7984"}],"version-history":[{"count":2,"href":"https:\/\/vrtec-sezana.si\/index.php?rest_route=\/wp\/v2\/posts\/7984\/revisions"}],"predecessor-version":[{"id":7986,"href":"https:\/\/vrtec-sezana.si\/index.php?rest_route=\/wp\/v2\/posts\/7984\/revisions\/7986"}],"wp:featuredmedia":[{"embeddable":true,"href":"https:\/\/vrtec-sezana.si\/index.php?rest_route=\/wp\/v2\/media\/7763"}],"wp:attachment":[{"href":"https:\/\/vrtec-sezana.si\/index.php?rest_route=%2Fwp%2Fv2%2Fmedia&parent=7984"}],"wp:term":[{"taxonomy":"category","embeddable":true,"href":"https:\/\/vrtec-sezana.si\/index.php?rest_route=%2Fwp%2Fv2%2Fcategories&post=7984"},{"taxonomy":"post_tag","embeddable":true,"href":"https:\/\/vrtec-sezana.si\/index.php?rest_route=%2Fwp%2Fv2%2Ftags&post=7984"}],"curies":[{"name":"wp","href":"https:\/\/api.w.org\/{rel}","templated":true}]}}