{"id":7981,"date":"2024-02-28T19:44:53","date_gmt":"2024-02-28T18:44:53","guid":{"rendered":"https:\/\/vrtec-sezana.si\/?p=7981"},"modified":"2024-02-28T19:44:53","modified_gmt":"2024-02-28T18:44:53","slug":"urejanje-okolice-2","status":"publish","type":"post","link":"https:\/\/vrtec-sezana.si\/?p=7981","title":{"rendered":"Urejanje okolice"},"content":{"rendered":"\n<p>Toplej\u0161i dnevi naznanjajo, da po\u010dasi prihaja pomlad.<br>Okrog na\u0161ega vrtca se je v jeseni in med zimo nabralo veliko odpadlega listja in vej, zato smo se vsi skupaj&nbsp; odlo\u010dili, da se lotimo \u010di\u0161\u010denja. Nekateri so poprijeli za grablje ter odpadlo listje in veje pograbili na velik kup, drugi so z lopatami nalagali v vre\u010de. Napolnili smo pet velikih vre\u010d in tako poskrbeli za urejenost in \u010disto\u010do igri\u0161\u010da.<br>Pre\u017eiveli smo son\u010dno delovno dopoldne.<br>Izjave otrok:<br>\u00bbTako, zdaj bo lepo rasla trava.\u00ab<br>\u00bbTukaj bomo tekali!\u00ab<br>\u00bbTako sem nalagal, glej kako znam!\u00ab<br>\u00bbSem dr\u017eala vre\u010do, tako.\u00ab<br>\u00bbJaz znam tako grabiti, tako prime\u0161 in je.\u00ab<br>\u00bbPrvo grabi\u0161, potem z lopato. Taku primi in bo.\u00ab<br>\u00bbVre\u010da je utrgana. Daj novo vre\u010do!\u00ab<br>\u00bbBomo taku nalagali, da bo zmanjkalo vre\u010d.\u00ab<br>\u00bbMeni je bilo najlep\u0161e ku sm dajala v vre\u010do.\u00ab<\/p>\n\n\n\n<p>Besedilo: Maja Anderli\u010d Mo\u017ee<br>Fotografije: Tina Orel<br><\/p>\n\n\n\n<p><\/p>\n\n\n\n<p><\/p>\n\n\n\n<p><\/p>\n\n\n\n<div class=\"wp-block-buttons is-layout-flex wp-block-buttons-is-layout-flex\">\n<div class=\"wp-block-button\"><a class=\"wp-block-button__link wp-element-button\" href=\"https:\/\/vrtec-sezana.si\/?page_id=7716\">GALERIJA<\/a><\/div>\n<\/div>\n","protected":false},"excerpt":{"rendered":"<p>Toplej\u0161i dnevi naznanjajo, da po\u010dasi prihaja pomlad.Okrog na\u0161ega vrtca se je v jeseni in med zimo nabralo veliko odpadlega listja in vej, zato smo se vsi skupaj&nbsp; odlo\u010dili, da se lotimo \u010di\u0161\u010denja. Nekateri so poprijeli za grablje ter odpadlo listje in veje&#8230;<\/p>\n","protected":false},"author":23,"featured_media":7982,"comment_status":"closed","ping_status":"closed","sticky":false,"template":"","format":"standard","meta":{"footnotes":""},"categories":[13],"tags":[],"jetpack_featured_media_url":"https:\/\/vrtec-sezana.si\/wp-content\/uploads\/2024\/02\/000-6.jpg","_links":{"self":[{"href":"https:\/\/vrtec-sezana.si\/index.php?rest_route=\/wp\/v2\/posts\/7981"}],"collection":[{"href":"https:\/\/vrtec-sezana.si\/index.php?rest_route=\/wp\/v2\/posts"}],"about":[{"href":"https:\/\/vrtec-sezana.si\/index.php?rest_route=\/wp\/v2\/types\/post"}],"author":[{"embeddable":true,"href":"https:\/\/vrtec-sezana.si\/index.php?rest_route=\/wp\/v2\/users\/23"}],"replies":[{"embeddable":true,"href":"https:\/\/vrtec-sezana.si\/index.php?rest_route=%2Fwp%2Fv2%2Fcomments&post=7981"}],"version-history":[{"count":1,"href":"https:\/\/vrtec-sezana.si\/index.php?rest_route=\/wp\/v2\/posts\/7981\/revisions"}],"predecessor-version":[{"id":7983,"href":"https:\/\/vrtec-sezana.si\/index.php?rest_route=\/wp\/v2\/posts\/7981\/revisions\/7983"}],"wp:featuredmedia":[{"embeddable":true,"href":"https:\/\/vrtec-sezana.si\/index.php?rest_route=\/wp\/v2\/media\/7982"}],"wp:attachment":[{"href":"https:\/\/vrtec-sezana.si\/index.php?rest_route=%2Fwp%2Fv2%2Fmedia&parent=7981"}],"wp:term":[{"taxonomy":"category","embeddable":true,"href":"https:\/\/vrtec-sezana.si\/index.php?rest_route=%2Fwp%2Fv2%2Fcategories&post=7981"},{"taxonomy":"post_tag","embeddable":true,"href":"https:\/\/vrtec-sezana.si\/index.php?rest_route=%2Fwp%2Fv2%2Ftags&post=7981"}],"curies":[{"name":"wp","href":"https:\/\/api.w.org\/{rel}","templated":true}]}}