{"id":7479,"date":"2024-02-26T09:14:33","date_gmt":"2024-02-26T08:14:33","guid":{"rendered":"https:\/\/vrtec-sezana.si\/?p=7479"},"modified":"2024-02-26T09:14:33","modified_gmt":"2024-02-26T08:14:33","slug":"plastenke-za-junake","status":"publish","type":"post","link":"https:\/\/vrtec-sezana.si\/?p=7479","title":{"rendered":"Plastenke za junake"},"content":{"rendered":"\n<p>15.2. &#8211; Mednarodni dan boja proti otro\u0161kemu raku in za nas tudi dan zadnjega odvoza doniranih plastenk v Ljubljano.&nbsp;V za\u010detku oktobra smo se tudi mi v enoti Diva\u010da pridru\u017eili super akciji&nbsp;Plastenke za Junake.&nbsp;<\/p>\n\n\n\n<p>Kdo pa sploh so Junaki? To so otroci, ki se ali so se zdravili na hemato-onkolo\u0161kem oddelku v 3. nadstropju Pediatri\u010dne klinike v Ljubljani. To so otroci z rakom.<\/p>\n\n\n\n<p>Cilj akcije je bil recikliranje odpadnih plastenk pija\u010de in s tem doniranje Dru\u0161tvu Junakov 3. nadstropja. Dru\u0161tvo vodijo prostovoljci, star\u0161i Junakov. Vsa sredstva namenjajo za izbolj\u0161anje \u017eivljenja otrok z rakom in njihovih dru\u017ein. Z vsako oddano plastenko smo donirali 5 centov, Lidl Slovenija in Interzero Slovenija pa sta dru\u0161tvu namenila \u0161e dodatnih 5 centov na plastenko.\u00a0Na vhod vrtca smo postavili \u0161katlo za odlaganje plastenk in s tem spodbudili k recikliranju odpadne embala\u017ee. Akcija je super hitro stekla, \u0161katla se je pridno polnila, s tem pa tudi kletni prostori vrtca. Za\u010deli smo z odva\u017eanjem polnih vre\u010d v Lidl, na Toplarni\u0161ko ulico v Ljubljano. Avti in kombiji polni plastenk in pazite to &#8211; eno po eno, vztrajno v avtomat za recikliranje. Vztrajnost je res lepa \u010dednost! Skupaj nam je uspelo nabrati kar 6784 plastenk, s tem pa smo za Dru\u0161tvo Junakov 3. nadstropja, s skupnimi mo\u010dmi, donirali kar 678,40\u20ac. Zelo smo ponosni, da smo lahko sodelovali v tej akciji in Junakom vsaj malo olaj\u0161ali \u017ee tako te\u017eke dneve na hemato-onkolo\u0161kem oddelku Pediatri\u010dne klinike v Ljubljani.\u00a0<\/p>\n\n\n\n<p>Ob tej prilo\u017enosti bi se iskreno zahvalila vsem otrokom, star\u0161em, starim star\u0161em, tetam, stricem in vsem zaposlenim v enoti Diva\u010da, ki ste kakorkoli prispevali k tej lepi \u0161tevilki zbranih plastenk. Hvala tudi Eko kmetiji Penko iz Parij pri Pivki za izposojo kombija in s tem la\u017eji odvoz plastenk.&nbsp;<\/p>\n\n\n\n<p>\u0160e enkrat velik hvala v imenu Dru\u0161tva Junakov 3.nadstropja!&nbsp;<\/p>\n\n\n\n<p>Besedilo: Ana Smerdel<\/p>\n\n\n\n<p>Fotografije: Ana Smerdel<\/p>\n\n\n\n<div class=\"wp-block-buttons is-layout-flex wp-block-buttons-is-layout-flex\">\n<div class=\"wp-block-button\"><a class=\"wp-block-button__link wp-element-button\" href=\"https:\/\/vrtec-sezana.si\/?page_id=7462\">GALERIJA<\/a><\/div>\n<\/div>\n","protected":false},"excerpt":{"rendered":"<p>15.2. &#8211; Mednarodni dan boja proti otro\u0161kemu raku in za nas tudi dan zadnjega odvoza doniranih plastenk v Ljubljano.&nbsp;V za\u010detku oktobra smo se tudi mi v enoti Diva\u010da pridru\u017eili super akciji&nbsp;Plastenke za Junake.&nbsp; Kdo pa sploh so Junaki? To so otroci, ki&#8230;<\/p>\n","protected":false},"author":17,"featured_media":7464,"comment_status":"closed","ping_status":"closed","sticky":false,"template":"","format":"standard","meta":{"footnotes":""},"categories":[9],"tags":[],"jetpack_featured_media_url":"https:\/\/vrtec-sezana.si\/wp-content\/uploads\/2024\/02\/1708543947478-scaled.jpg","_links":{"self":[{"href":"https:\/\/vrtec-sezana.si\/index.php?rest_route=\/wp\/v2\/posts\/7479"}],"collection":[{"href":"https:\/\/vrtec-sezana.si\/index.php?rest_route=\/wp\/v2\/posts"}],"about":[{"href":"https:\/\/vrtec-sezana.si\/index.php?rest_route=\/wp\/v2\/types\/post"}],"author":[{"embeddable":true,"href":"https:\/\/vrtec-sezana.si\/index.php?rest_route=\/wp\/v2\/users\/17"}],"replies":[{"embeddable":true,"href":"https:\/\/vrtec-sezana.si\/index.php?rest_route=%2Fwp%2Fv2%2Fcomments&post=7479"}],"version-history":[{"count":1,"href":"https:\/\/vrtec-sezana.si\/index.php?rest_route=\/wp\/v2\/posts\/7479\/revisions"}],"predecessor-version":[{"id":7480,"href":"https:\/\/vrtec-sezana.si\/index.php?rest_route=\/wp\/v2\/posts\/7479\/revisions\/7480"}],"wp:featuredmedia":[{"embeddable":true,"href":"https:\/\/vrtec-sezana.si\/index.php?rest_route=\/wp\/v2\/media\/7464"}],"wp:attachment":[{"href":"https:\/\/vrtec-sezana.si\/index.php?rest_route=%2Fwp%2Fv2%2Fmedia&parent=7479"}],"wp:term":[{"taxonomy":"category","embeddable":true,"href":"https:\/\/vrtec-sezana.si\/index.php?rest_route=%2Fwp%2Fv2%2Fcategories&post=7479"},{"taxonomy":"post_tag","embeddable":true,"href":"https:\/\/vrtec-sezana.si\/index.php?rest_route=%2Fwp%2Fv2%2Ftags&post=7479"}],"curies":[{"name":"wp","href":"https:\/\/api.w.org\/{rel}","templated":true}]}}