{"id":7460,"date":"2024-02-26T09:07:36","date_gmt":"2024-02-26T08:07:36","guid":{"rendered":"https:\/\/vrtec-sezana.si\/?p=7460"},"modified":"2024-02-26T09:07:37","modified_gmt":"2024-02-26T08:07:37","slug":"15-2-mednarodni-dan-boja-proti-otroskemu-raku","status":"publish","type":"post","link":"https:\/\/vrtec-sezana.si\/?p=7460","title":{"rendered":"15.2. Mednarodni dan boja proti otro\u0161kemu raku"},"content":{"rendered":"\n<p>V duhu ozave\u0161\u010danja smo na pobudo dru\u0161tva junakov 3. nadstropja v na\u0161em vrtcu pripravili koti\u010dek, ki ozave\u0161\u010da&nbsp; o otro\u0161kem raku.<\/p>\n\n\n\n<p>V skupini Ov\u010dke smo v ta namen v sodelovanju s kuhinjo spekli pi\u0161kote v obliki medvedkov. Oku\u0161ali smo sestavine, opazovali kako se pripravi zmes za pi\u0161kote in sodelovali pri modeliranju le teh. Skupaj smo jih odnesli v kuhinjo. Ko so bili pi\u0161kotki pe\u010deni, smo se z mislijo na na\u0161e junake z njimi posladkali.<\/p>\n\n\n\n<p>Dan smo posvetili vsem junakom; otrokom in mladostnikom, ki se spopadajo z rakom, vsem ki so premagali otro\u0161kega raka, dru\u017einam, ki pogumno \u017eivijo naprej, \u010deprav so zaradi raka izgubile otroka, zdravstvenemu osebju in prostovoljcem, ki svoj poklic in \u010das namenjajo otro\u0161kemu raku.<\/p>\n\n\n\n<p>Vzgojiteljici sta si na sr\u010dno stran pripeli zlato pentljo. Zakaj zlato pentljo? Zlata pentlja je simbol otro\u0161kega raka, ozave\u0161\u010danja, hitrej\u0161ega diagnosticiranja, manj\u0161ega \u0161tevila smrtnosti, invalidnosti in posledic zdravljenja. Zlata barva (plemenita kovina) simbolizira plemenite otroke, plamen upanja, \u010distost otro\u0161kih src, junake, ki po vseh te\u017ekih preizku\u0161njah in bole\u010dinah postanejo mo\u010dnej\u0161i.<\/p>\n\n\n\n<p>Besedilo : Nu\u0161a \u017divec<\/p>\n\n\n\n<p>Fotografije: Nika Sera\u017ein<\/p>\n\n\n\n<div class=\"wp-block-buttons is-layout-flex wp-block-buttons-is-layout-flex\">\n<div class=\"wp-block-button\"><a class=\"wp-block-button__link wp-element-button\" href=\"https:\/\/vrtec-sezana.si\/?page_id=7275\">GALERIJA<\/a><\/div>\n<\/div>\n","protected":false},"excerpt":{"rendered":"<p>V duhu ozave\u0161\u010danja smo na pobudo dru\u0161tva junakov 3. nadstropja v na\u0161em vrtcu pripravili koti\u010dek, ki ozave\u0161\u010da&nbsp; o otro\u0161kem raku. V skupini Ov\u010dke smo v ta namen v sodelovanju s kuhinjo spekli pi\u0161kote v obliki medvedkov. Oku\u0161ali smo sestavine, opazovali kako se&#8230;<\/p>\n","protected":false},"author":17,"featured_media":7291,"comment_status":"closed","ping_status":"closed","sticky":false,"template":"","format":"standard","meta":{"footnotes":""},"categories":[9],"tags":[],"jetpack_featured_media_url":"https:\/\/vrtec-sezana.si\/wp-content\/uploads\/2024\/02\/IMG_9018-scaled.jpg","_links":{"self":[{"href":"https:\/\/vrtec-sezana.si\/index.php?rest_route=\/wp\/v2\/posts\/7460"}],"collection":[{"href":"https:\/\/vrtec-sezana.si\/index.php?rest_route=\/wp\/v2\/posts"}],"about":[{"href":"https:\/\/vrtec-sezana.si\/index.php?rest_route=\/wp\/v2\/types\/post"}],"author":[{"embeddable":true,"href":"https:\/\/vrtec-sezana.si\/index.php?rest_route=\/wp\/v2\/users\/17"}],"replies":[{"embeddable":true,"href":"https:\/\/vrtec-sezana.si\/index.php?rest_route=%2Fwp%2Fv2%2Fcomments&post=7460"}],"version-history":[{"count":1,"href":"https:\/\/vrtec-sezana.si\/index.php?rest_route=\/wp\/v2\/posts\/7460\/revisions"}],"predecessor-version":[{"id":7461,"href":"https:\/\/vrtec-sezana.si\/index.php?rest_route=\/wp\/v2\/posts\/7460\/revisions\/7461"}],"wp:featuredmedia":[{"embeddable":true,"href":"https:\/\/vrtec-sezana.si\/index.php?rest_route=\/wp\/v2\/media\/7291"}],"wp:attachment":[{"href":"https:\/\/vrtec-sezana.si\/index.php?rest_route=%2Fwp%2Fv2%2Fmedia&parent=7460"}],"wp:term":[{"taxonomy":"category","embeddable":true,"href":"https:\/\/vrtec-sezana.si\/index.php?rest_route=%2Fwp%2Fv2%2Fcategories&post=7460"},{"taxonomy":"post_tag","embeddable":true,"href":"https:\/\/vrtec-sezana.si\/index.php?rest_route=%2Fwp%2Fv2%2Ftags&post=7460"}],"curies":[{"name":"wp","href":"https:\/\/api.w.org\/{rel}","templated":true}]}}