{"id":7454,"date":"2024-02-25T22:24:36","date_gmt":"2024-02-25T21:24:36","guid":{"rendered":"https:\/\/vrtec-sezana.si\/?p=7454"},"modified":"2024-02-25T22:30:27","modified_gmt":"2024-02-25T21:30:27","slug":"rokavicka-3-del","status":"publish","type":"post","link":"https:\/\/vrtec-sezana.si\/?p=7454","title":{"rendered":"Rokavi\u010dka, 3. del."},"content":{"rendered":"\n<p class=\"has-text-align-left\">Otroci iz skupine &#8220;Zaj\u010dki&#8221; so u\u017eivali ob spoznavanju pravljice &#8220;Rokavi\u010dka&#8221;. Sledila je \u0161e lutkovna uprizoritev pravljice. Sprva so se otroci z lutkami prosto igrali, jih spoznavali, nato pa smo skupaj pripovedovali zgodbico, otroci pa so na izto\u010dnico s svojo lutko zaigrali. V sam proces igranja so bili vklju\u010deni vsi otroci- ker lutk sprva ni bilo dovolj za vse, so se menjavali pri igri. Kasneje smo dodali \u0161e dodatne lutke ter jih vklju\u010dili v na\u0161o igro. Zanimivo je, da so se otroci s\u010dasoma vedno odlo\u010dali za eno in isto lutko, ki so jo nato vedno animirali- posvojili so jih za svoje. Z lutkami so ves \u010das lepo ravnali, pazili so na njih in jih skrbno odlagali v rokavi\u010dko, ko jih niso ve\u010d uporabljali. Pravljico smo zaigrali vsem ostalim enajstim skupinam v na\u0161i enoti. \u010ce so bili sprva otroci malce tihi, zadr\u017eali, potrebovali so ve\u010d vodenja odraslega, so se pa v enem tednu odprli, bili pogumni, glasno so peli tudi pesmice, ki smo jih uporabili za spremljavo v zgodbici. Od ostalih otrok in strokovnih delavk smo dobili pohvale, drugi otroci so ves \u010das spremljali zgodbo in nam ob zaklju\u010dku tudi ploskali. Otroci so bili ponosni sami nase, upamo pa, da nam ob zaklju\u010dku sklopa &#8220;Rokavi\u010dka&#8221; uspe brez ve\u010dje treme zaigrati lutkovno predstavo tudi star\u0161em na skupnem sre\u010danju. <\/p>\n\n\n\n<p>Besedilo: Mateja Lah Vojska<\/p>\n\n\n\n<p>Slike: arhiv enote Lehte<\/p>\n\n\n\n<div class=\"wp-block-group is-vertical is-layout-flex wp-container-2 wp-block-group-is-layout-flex\">\n<div class=\"wp-block-buttons is-layout-flex wp-block-buttons-is-layout-flex\">\n<div class=\"wp-block-button\"><a class=\"wp-block-button__link wp-element-button\" href=\"https:\/\/vrtec-sezana.si\/?page_id=7429\">GALERIJA<\/a><\/div>\n<\/div>\n<\/div>\n","protected":false},"excerpt":{"rendered":"<p>Otroci iz skupine &#8220;Zaj\u010dki&#8221; so u\u017eivali ob spoznavanju pravljice &#8220;Rokavi\u010dka&#8221;. Sledila je \u0161e lutkovna uprizoritev pravljice. Sprva so se otroci z lutkami prosto igrali, jih spoznavali, nato pa smo skupaj pripovedovali zgodbico, otroci pa so na izto\u010dnico s svojo lutko zaigrali. V&#8230;<\/p>\n","protected":false},"author":6,"featured_media":7455,"comment_status":"closed","ping_status":"closed","sticky":false,"template":"","format":"standard","meta":{"footnotes":""},"categories":[6],"tags":[],"jetpack_featured_media_url":"https:\/\/vrtec-sezana.si\/wp-content\/uploads\/2024\/02\/tsts.jpg","_links":{"self":[{"href":"https:\/\/vrtec-sezana.si\/index.php?rest_route=\/wp\/v2\/posts\/7454"}],"collection":[{"href":"https:\/\/vrtec-sezana.si\/index.php?rest_route=\/wp\/v2\/posts"}],"about":[{"href":"https:\/\/vrtec-sezana.si\/index.php?rest_route=\/wp\/v2\/types\/post"}],"author":[{"embeddable":true,"href":"https:\/\/vrtec-sezana.si\/index.php?rest_route=\/wp\/v2\/users\/6"}],"replies":[{"embeddable":true,"href":"https:\/\/vrtec-sezana.si\/index.php?rest_route=%2Fwp%2Fv2%2Fcomments&post=7454"}],"version-history":[{"count":2,"href":"https:\/\/vrtec-sezana.si\/index.php?rest_route=\/wp\/v2\/posts\/7454\/revisions"}],"predecessor-version":[{"id":7457,"href":"https:\/\/vrtec-sezana.si\/index.php?rest_route=\/wp\/v2\/posts\/7454\/revisions\/7457"}],"wp:featuredmedia":[{"embeddable":true,"href":"https:\/\/vrtec-sezana.si\/index.php?rest_route=\/wp\/v2\/media\/7455"}],"wp:attachment":[{"href":"https:\/\/vrtec-sezana.si\/index.php?rest_route=%2Fwp%2Fv2%2Fmedia&parent=7454"}],"wp:term":[{"taxonomy":"category","embeddable":true,"href":"https:\/\/vrtec-sezana.si\/index.php?rest_route=%2Fwp%2Fv2%2Fcategories&post=7454"},{"taxonomy":"post_tag","embeddable":true,"href":"https:\/\/vrtec-sezana.si\/index.php?rest_route=%2Fwp%2Fv2%2Ftags&post=7454"}],"curies":[{"name":"wp","href":"https:\/\/api.w.org\/{rel}","templated":true}]}}