{"id":7425,"date":"2024-02-23T10:51:54","date_gmt":"2024-02-23T09:51:54","guid":{"rendered":"https:\/\/vrtec-sezana.si\/?p=7425"},"modified":"2024-03-14T21:08:31","modified_gmt":"2024-03-14T20:08:31","slug":"pust-v-skupini-metulji","status":"publish","type":"post","link":"https:\/\/vrtec-sezana.si\/?p=7425","title":{"rendered":"Pust v skupini Metulji"},"content":{"rendered":"\n<p>Obi\u010daj pusta ima pomembno vlogo tudi v vrtcu. S spoznavanjem le tega \u017eelimo otroke seznaniti, da so tradicije pomemben del na\u0161e skupnosti in jih je treba spo\u0161tovati in ohranjati.&nbsp; Z njim vklju\u010dujemo otroke in jih seznanjamo z lastno kulturo in kulturno dedi\u0161\u010dino. Strokovni delavci se zato vsako leto trudimo, da otrokom omogo\u010dimo poznavanje tega \u0161egavega slovenskega obi\u010daja, ki se prena\u0161a skozi generacije.<\/p>\n\n\n\n<p>Seveda je tudi do\u017eivljanje veselja otrok namen na\u0161ega pustnega rajanja. Skozi igro, ples, in ustvarjanje smo sku\u0161ali otrokom pribli\u017eati pomen pusta in jim predstaviti razli\u010dne pustne like, jedi ter obi\u010daje. Otroci so se s svojo domi\u0161ljijo spremenili v razli\u010dne like, od princesk do znanih animiranih likov, kar je bilo za njih pravo malo pustno do\u017eivetje. Na pustni torek smo se v na\u0161em vrtcu zbrale vse \u0161eme. Najstarej\u0161i otroci so se nato v vrt\u010devski pustni povorki sprehodili do stavbe ob\u010dine, knji\u017enice in se nato v parku skupno dru\u017eili. V sprevodu smo prepevali, vriskali in tako odganjali zimo. Sredi Se\u017eane smo sre\u010dali povorko \u0161olskih ma\u0161kar, katere smo ob\u010dudovali in jim pomahali v pozdrav. Pri kosilu pa smo se posladkali s pravimi krofi.<\/p>\n\n\n\n<p>Pust v skupini Metulji je bil zato ve\u010d kot le zabaven dogodek \u2013 bil je prilo\u017enost za u\u010denje, raziskovanje in ohranjanje na\u0161e kulturne dedi\u0161\u010dine skozi o\u010di na\u0161ih najmlaj\u0161ih, ki v ta svet stopajo z majhnimi koraki. Ti pa rastejo iz dneva v dan ter \u0161irijo svoje prijateljstvo, znanje, kulturo in pristne odnose.&nbsp;<\/p>\n\n\n\n<p>Besedilo: Mojca Mo\u017ee-\u0160kapin<\/p>\n\n\n\n<p><\/p>\n\n\n\n<p><\/p>\n\n\n\n<div class=\"wp-block-buttons is-layout-flex wp-block-buttons-is-layout-flex\">\n<div class=\"wp-block-button\"><a class=\"wp-block-button__link wp-element-button\" href=\"https:\/\/vrtec-sezana.si\/?page_id=7407\">GALERIJA<\/a><\/div>\n<\/div>\n","protected":false},"excerpt":{"rendered":"<p>Obi\u010daj pusta ima pomembno vlogo tudi v vrtcu. S spoznavanjem le tega \u017eelimo otroke seznaniti, da so tradicije pomemben del na\u0161e skupnosti in jih je treba spo\u0161tovati in ohranjati.&nbsp; Z njim vklju\u010dujemo otroke in jih seznanjamo z lastno kulturo in kulturno dedi\u0161\u010dino&#8230;.<\/p>\n","protected":false},"author":20,"featured_media":7426,"comment_status":"closed","ping_status":"closed","sticky":false,"template":"","format":"standard","meta":{"footnotes":""},"categories":[8],"tags":[],"jetpack_featured_media_url":"https:\/\/vrtec-sezana.si\/wp-content\/uploads\/2024\/02\/IMG_20240219_120345-1-scaled.jpg","_links":{"self":[{"href":"https:\/\/vrtec-sezana.si\/index.php?rest_route=\/wp\/v2\/posts\/7425"}],"collection":[{"href":"https:\/\/vrtec-sezana.si\/index.php?rest_route=\/wp\/v2\/posts"}],"about":[{"href":"https:\/\/vrtec-sezana.si\/index.php?rest_route=\/wp\/v2\/types\/post"}],"author":[{"embeddable":true,"href":"https:\/\/vrtec-sezana.si\/index.php?rest_route=\/wp\/v2\/users\/20"}],"replies":[{"embeddable":true,"href":"https:\/\/vrtec-sezana.si\/index.php?rest_route=%2Fwp%2Fv2%2Fcomments&post=7425"}],"version-history":[{"count":1,"href":"https:\/\/vrtec-sezana.si\/index.php?rest_route=\/wp\/v2\/posts\/7425\/revisions"}],"predecessor-version":[{"id":7427,"href":"https:\/\/vrtec-sezana.si\/index.php?rest_route=\/wp\/v2\/posts\/7425\/revisions\/7427"}],"wp:featuredmedia":[{"embeddable":true,"href":"https:\/\/vrtec-sezana.si\/index.php?rest_route=\/wp\/v2\/media\/7426"}],"wp:attachment":[{"href":"https:\/\/vrtec-sezana.si\/index.php?rest_route=%2Fwp%2Fv2%2Fmedia&parent=7425"}],"wp:term":[{"taxonomy":"category","embeddable":true,"href":"https:\/\/vrtec-sezana.si\/index.php?rest_route=%2Fwp%2Fv2%2Fcategories&post=7425"},{"taxonomy":"post_tag","embeddable":true,"href":"https:\/\/vrtec-sezana.si\/index.php?rest_route=%2Fwp%2Fv2%2Ftags&post=7425"}],"curies":[{"name":"wp","href":"https:\/\/api.w.org\/{rel}","templated":true}]}}