{"id":6817,"date":"2024-02-16T16:43:54","date_gmt":"2024-02-16T15:43:54","guid":{"rendered":"http:\/\/vrtec-sezana.si\/?p=6817"},"modified":"2024-02-16T16:47:48","modified_gmt":"2024-02-16T15:47:48","slug":"januarski-in-februarski-dogodki-v-vrtcu-materija","status":"publish","type":"post","link":"https:\/\/vrtec-sezana.si\/?p=6817","title":{"rendered":"JANUARSKI IN FEBRUARSKI DOGODKI V VRTCU MATERIJA"},"content":{"rendered":"\n<p>V januarju so pred\u0161olski otroci obiskovali plavalni te\u010daj, ki je bil izveden v okviru participativnega prora\u010duna na\u0161e ob\u010dine. Te\u010daj je potekal pod vodstvom plavalnih u\u010diteljev, vsi otroci so po kon\u010danem te\u010daju prilagojeni na vodo. Na te\u010daju so zelo u\u017eivali in vsak dan navdu\u0161eno pripovedovali o dogodiv\u0161\u010dinah.                                                               V okviru projekta o preventivi v cestnem prometu Varno v vrtec in \u0161olo, smo s starej\u0161imi otroki izdelali plakat in narisali, kaj vse je pomembno, da smo v temi \u010dimbolj vidni. V vrtec smo povabili tudi predstavnico ob\u010dine Agencije za varnost v prometu, go. Vlasto Vatovec, z njo je pri\u0161la tudi na\u0161a \u017eupanja, ga. Sa\u0161a Likavec Svetel\u0161ek. Pohvalili sta na\u0161 plakat in na\u0161e znanje, vsem otrokom prinesli kresni\u010dke in drobno pozornost, za star\u0161e pa zlo\u017eenko o pametni (ne) rabi mobilnega telefona med vo\u017enjo.\u00a0\u00a0                                                                                                                    Odzvali smo se tudi na prijazno povabilo doma\u010dina, gospoda Jo\u017eeta Mezgeca za ogled cerkvice pri Tabru, kjer nam povedal marsikaj zanimivega o prenovi, za katero je sam zelo zaslu\u017een in nam tako omogo\u010dil tudi pogled v notranjost tega objekta. Lokacija je tudi sicer na\u0161a priljubljena kon\u010dna to\u010dka na sprehodu, saj je njena okolica\u00a0 urejena, za cerkvijo pa se odpira prelep pogled na Brezovico, ki nas vedno znova navdu\u0161i. Hvala gospodu Jo\u017eetu, da si je vzel \u010das za nas, veselimo se \u017ee ponovnih sre\u010danj z njim, saj\u00a0 je s svojim poznavanjem okoli\u0161kih znamenitosti prava zakladnica\u00a0 znanja \u00a0in zagotovo se kmalu spet sre\u010damo.\u00a0\u00a0\u00a0\u00a0\u00a0\u00a0\u00a0\u00a0\u00a0\u00a0\u00a0\u00a0\u00a0\u00a0\u00a0\u00a0\u00a0\u00a0\u00a0\u00a0\u00a0\u00a0\u00a0\u00a0\u00a0\u00a0\u00a0\u00a0\u00a0\u00a0\u00a0\u00a0\u00a0\u00a0\u00a0\u00a0\u00a0\u00a0\u00a0\u00a0\u00a0\u00a0\u00a0\u00a0\u00a0\u00a0\u00a0\u00a0\u00a0\u00a0\u00a0\u00a0\u00a0\u00a0\u00a0\u00a0\u00a0\u00a0\u00a0\u00a0\u00a0\u00a0\u00a0\u00a0\u00a0\u00a0\u00a0\u00a0\u00a0\u00a0\u00a0\u00a0\u00a0\u00a0\u00a0\u00a0\u00a0\u00a0\u00a0\u00a0\u00a0\u00a0\u00a0\u00a0\u00a0\u00a0\u00a0\u00a0\u00a0\u00a0\u00a0\u00a0\u00a0\u00a0\u00a0\u00a0\u00a0\u00a0\u00a0\u00a0\u00a0\u00a0\u00a0\u00a0\u00a0\u00a0\u00a0\u00a0\u00a0\u00a0\u00a0\u00a0\u00a0\u00a0\u00a0\u00a0\u00a0\u00a0\u00a0\u00a0\u00a0\u00a0\u00a0\u00a0\u00a0\u00a0\u00a0\u00a0\u00a0\u00a0\u00a0\u00a0\u00a0\u00a0\u00a0\u00a0\u00a0\u00a0\u00a0\u00a0\u00a0\u00a0\u00a0\u00a0\u00a0\u00a0\u00a0\u00a0\u00a0\u00a0\u00a0\u00a0\u00a0\u00a0\u00a0\u00a0\u00a0\u00a0\u00a0\u00a0\u00a0\u00a0\u00a0\u00a0\u00a0\u00a0\u00a0\u00a0\u00a0\u00a0\u00a0\u00a0\u00a0Gibalno urico malo druga\u010de\u00a0 smo\u00a0 dopoldne pre\u017eiveli z Ditkino mamico, Tja\u0161o, po poklicu delovno terapevtko za otroke. Z opona\u0161anjem gibanja \u017eivali smo se na zabaven na\u010din razgibali in pri tem zelo u\u017eivali. Hvala za obisk, bilo nam je res lepo.\u00a0 \u00a0\u00a0\u00a0\u00a0\u00a0\u00a0\u00a0\u00a0\u00a0\u00a0\u00a0\u00a0\u00a0\u00a0\u00a0\u00a0\u00a0\u00a0\u00a0\u00a0\u00a0\u00a0\u00a0\u00a0\u00a0\u00a0\u00a0\u00a0\u00a0\u00a0\u00a0\u00a0\u00a0\u00a0\u00a0\u00a0\u00a0\u00a0\u00a0\u00a0\u00a0\u00a0\u00a0\u00a0\u00a0\u00a0\u00a0\u00a0\u00a0\u00a0\u00a0\u00a0\u00a0\u00a0\u00a0\u00a0\u00a0\u00a0\u00a0\u00a0\u00a0\u00a0\u00a0\u00a0\u00a0\u00a0\u00a0\u00a0\u00a0\u00a0\u00a0\u00a0\u00a0\u00a0\u00a0\u00a0\u00a0\u00a0\u00a0\u00a0\u00a0\u00a0\u00a0\u00a0\u00a0\u00a0\u00a0\u00a0\u00a0\u00a0\u00a0\u00a0\u00a0\u00a0\u00a0\u00a0\u00a0\u00a0\u00a0\u00a0\u00a0\u00a0\u00a0\u00a0\u00a0\u00a0\u00a0\u00a0\u00a0\u00a0\u00a0\u00a0\u00a0\u00a0\u00a0\u00a0\u00a0\u00a0\u00a0\u00a0\u00a0\u00a0\u00a0\u00a0\u00a0\u00a0\u00a0\u00a0\u00a0\u00a0\u00a0\u00a0\u00a0\u00a0\u00a0\u00a0\u00a0\u00a0\u00a0\u00a0\u00a0\u00a0\u00a0          Tudi letos smo se \u017ee kar cel teden pred pustom pripravljali nanj. Izdelali smo klovne , o\u010dala in druge pustne rekvizite, se preobla\u010dili v sme\u0161ne kostume v pustnem koti\u010dku. Na pustni torek smo se, oble\u010deni v kostume od doma, z rajanjem ob glasbi najprej ogreli v vrtcu, nato pa v pustni povorki krenili v Pov\u017eane, kjer so nas tudi tokrat doma\u010dini lepo sprejeli in na\u0161a ko\u0161ara za pusta hrusta je bila kmalu polna. Obljubili smo, da naslednje leto spet pridemo.<\/p>\n\n\n\n<p>Besedilo: Tanja \u0160kerjanc<\/p>\n\n\n\n<p>Foto: arhiv enote Materija<\/p>\n\n\n\n<div class=\"wp-block-buttons is-layout-flex wp-block-buttons-is-layout-flex\">\n<div class=\"wp-block-button\"><a class=\"wp-block-button__link wp-element-button\" href=\"https:\/\/vrtec-sezana.si\/?page_id=6796\">GALERIJA<\/a><\/div>\n<\/div>\n","protected":false},"excerpt":{"rendered":"<p>V januarju so pred\u0161olski otroci obiskovali plavalni te\u010daj, ki je bil izveden v okviru participativnega prora\u010duna na\u0161e ob\u010dine. Te\u010daj je potekal pod vodstvom plavalnih u\u010diteljev, vsi otroci so po kon\u010danem te\u010daju prilagojeni na vodo. Na te\u010daju so zelo u\u017eivali in vsak dan&#8230;<\/p>\n","protected":false},"author":11,"featured_media":854,"comment_status":"closed","ping_status":"closed","sticky":false,"template":"","format":"standard","meta":{"footnotes":""},"categories":[16],"tags":[],"jetpack_featured_media_url":"https:\/\/vrtec-sezana.si\/wp-content\/uploads\/2024\/01\/enota-materija.jpg","_links":{"self":[{"href":"https:\/\/vrtec-sezana.si\/index.php?rest_route=\/wp\/v2\/posts\/6817"}],"collection":[{"href":"https:\/\/vrtec-sezana.si\/index.php?rest_route=\/wp\/v2\/posts"}],"about":[{"href":"https:\/\/vrtec-sezana.si\/index.php?rest_route=\/wp\/v2\/types\/post"}],"author":[{"embeddable":true,"href":"https:\/\/vrtec-sezana.si\/index.php?rest_route=\/wp\/v2\/users\/11"}],"replies":[{"embeddable":true,"href":"https:\/\/vrtec-sezana.si\/index.php?rest_route=%2Fwp%2Fv2%2Fcomments&post=6817"}],"version-history":[{"count":2,"href":"https:\/\/vrtec-sezana.si\/index.php?rest_route=\/wp\/v2\/posts\/6817\/revisions"}],"predecessor-version":[{"id":6820,"href":"https:\/\/vrtec-sezana.si\/index.php?rest_route=\/wp\/v2\/posts\/6817\/revisions\/6820"}],"wp:featuredmedia":[{"embeddable":true,"href":"https:\/\/vrtec-sezana.si\/index.php?rest_route=\/wp\/v2\/media\/854"}],"wp:attachment":[{"href":"https:\/\/vrtec-sezana.si\/index.php?rest_route=%2Fwp%2Fv2%2Fmedia&parent=6817"}],"wp:term":[{"taxonomy":"category","embeddable":true,"href":"https:\/\/vrtec-sezana.si\/index.php?rest_route=%2Fwp%2Fv2%2Fcategories&post=6817"},{"taxonomy":"post_tag","embeddable":true,"href":"https:\/\/vrtec-sezana.si\/index.php?rest_route=%2Fwp%2Fv2%2Ftags&post=6817"}],"curies":[{"name":"wp","href":"https:\/\/api.w.org\/{rel}","templated":true}]}}