{"id":6686,"date":"2024-02-14T21:04:34","date_gmt":"2024-02-14T20:04:34","guid":{"rendered":"http:\/\/977.ablak.arnes.si\/?p=6686"},"modified":"2024-02-28T20:59:33","modified_gmt":"2024-02-28T19:59:33","slug":"pustni-ziv-zav-v-skupini-jezki","status":"publish","type":"post","link":"https:\/\/vrtec-sezana.si\/?p=6686","title":{"rendered":"Pustni \u017eiv \u017eav v skupini Je\u017eki"},"content":{"rendered":"\n<p>Pust je \u010das nor\u010dij, ko se na\u0161emimo v pustno masko. Postanemo nekdo drugi. Pust je priprava na pomlad in je \u010das, ko od\u017eenemo zimo. Najemo se slastnih krofov, ki so jih za nas pripravile pridne roke kuharic. Pust je \u010das, ko se otroci spoznajo z novim obi\u010dajem, se pogumno \u0161emijo in rajajo z vrstniki. Na pustni torek so se otroci prelevili v prave \u0161eme in se razkazovali svojim prijateljem. Zabavno je bilo &nbsp;dru\u017eenje v telovadnici, veliko smo plesali ,se kobacali,&nbsp; smejali, igrali z baloni.<\/p>\n\n\n\n<p class=\"has-text-align-center\">MA\u0160KARE<\/p>\n\n\n\n<p class=\"has-text-align-center\">(Janez Bitenc)<\/p>\n\n\n\n<p class=\"has-text-align-center\">Od hi\u0161e do hi\u0161e, od vrat do vrat,<\/p>\n\n\n\n<p class=\"has-text-align-center\">prina\u0161amo smeh vam in s smehom pomlad.<\/p>\n\n\n\n<p class=\"has-text-align-center\">Zato pa nam dajte en dinar\u010dek dva,<\/p>\n\n\n\n<p class=\"has-text-align-center\">tri krofe, tri bobe in ko\u0161\u010dek mesa.<\/p>\n\n\n\n<p>Besedilo: Alenka Poto\u010dnik<\/p>\n\n\n\n<p>Fotografije : Alenka Poto\u010dnik<\/p>\n\n\n\n<div class=\"wp-block-group is-vertical is-layout-flex wp-container-2 wp-block-group-is-layout-flex\">\n<div class=\"wp-block-buttons is-layout-flex wp-block-buttons-is-layout-flex\">\n<div class=\"wp-block-button\"><a class=\"wp-block-button__link wp-element-button\" href=\"https:\/\/vrtec-sezana.si\/?page_id=6688\">GALERIJA<\/a><\/div>\n<\/div>\n<\/div>\n","protected":false},"excerpt":{"rendered":"<p>Pust je \u010das nor\u010dij, ko se na\u0161emimo v pustno masko. Postanemo nekdo drugi. Pust je priprava na pomlad in je \u010das, ko od\u017eenemo zimo. Najemo se slastnih krofov, ki so jih za nas pripravile pridne roke kuharic. Pust je \u010das, ko se&#8230;<\/p>\n","protected":false},"author":22,"featured_media":8022,"comment_status":"closed","ping_status":"closed","sticky":false,"template":"","format":"standard","meta":{"footnotes":""},"categories":[6],"tags":[],"jetpack_featured_media_url":"https:\/\/vrtec-sezana.si\/wp-content\/uploads\/2024\/02\/IMG-20240226-WA0001.jpg","_links":{"self":[{"href":"https:\/\/vrtec-sezana.si\/index.php?rest_route=\/wp\/v2\/posts\/6686"}],"collection":[{"href":"https:\/\/vrtec-sezana.si\/index.php?rest_route=\/wp\/v2\/posts"}],"about":[{"href":"https:\/\/vrtec-sezana.si\/index.php?rest_route=\/wp\/v2\/types\/post"}],"author":[{"embeddable":true,"href":"https:\/\/vrtec-sezana.si\/index.php?rest_route=\/wp\/v2\/users\/22"}],"replies":[{"embeddable":true,"href":"https:\/\/vrtec-sezana.si\/index.php?rest_route=%2Fwp%2Fv2%2Fcomments&post=6686"}],"version-history":[{"count":2,"href":"https:\/\/vrtec-sezana.si\/index.php?rest_route=\/wp\/v2\/posts\/6686\/revisions"}],"predecessor-version":[{"id":6972,"href":"https:\/\/vrtec-sezana.si\/index.php?rest_route=\/wp\/v2\/posts\/6686\/revisions\/6972"}],"wp:featuredmedia":[{"embeddable":true,"href":"https:\/\/vrtec-sezana.si\/index.php?rest_route=\/wp\/v2\/media\/8022"}],"wp:attachment":[{"href":"https:\/\/vrtec-sezana.si\/index.php?rest_route=%2Fwp%2Fv2%2Fmedia&parent=6686"}],"wp:term":[{"taxonomy":"category","embeddable":true,"href":"https:\/\/vrtec-sezana.si\/index.php?rest_route=%2Fwp%2Fv2%2Fcategories&post=6686"},{"taxonomy":"post_tag","embeddable":true,"href":"https:\/\/vrtec-sezana.si\/index.php?rest_route=%2Fwp%2Fv2%2Ftags&post=6686"}],"curies":[{"name":"wp","href":"https:\/\/api.w.org\/{rel}","templated":true}]}}