{"id":6657,"date":"2024-02-14T20:20:47","date_gmt":"2024-02-14T19:20:47","guid":{"rendered":"http:\/\/977.ablak.arnes.si\/?p=6657"},"modified":"2024-02-19T13:24:32","modified_gmt":"2024-02-19T12:24:32","slug":"juhuhu-pust-je-tu","status":"publish","type":"post","link":"https:\/\/vrtec-sezana.si\/?p=6657","title":{"rendered":"Juhuhu, pust je tu!"},"content":{"rendered":"\n<p><\/p>\n\n\n\n<p>Pust je \u010das, ko se lahko prepustimo radostim in praznujemo \u017eivljenje v vsej njegovi raznolikosti. Dana\u0161nji dan je bil prav poseben. V vrtec so prikorakali gasilci, Indijanci, levi, sloni, vile, pikapolonice, princese in \u0161e bi lahko na\u0161tevala. Tako kot vsi ostali, so tudi otroci iz skupine Ov\u010dke zablesteli v svojem kostumu. Skupaj z otroki iz skupine Lisi\u010dke, Je\u017eki, Mi\u0161ke in Medvedki smo plesali, peli in rajali ter tako z na\u0161o dobro voljo preganjali zimo in klicali pomlad. Dan smo zaklju\u010dili s slastnimi pustnimi krofi!<\/p>\n\n\n\n<p>Besedilo: Vanesa \u010cehovin<\/p>\n\n\n\n<p>Fotografije: Arhiv enote Lehte<\/p>\n\n\n\n<div class=\"wp-block-group is-vertical is-layout-flex wp-container-2 wp-block-group-is-layout-flex\">\n<div class=\"wp-block-buttons is-layout-flex wp-block-buttons-is-layout-flex\">\n<div class=\"wp-block-button\"><a class=\"wp-block-button__link wp-element-button\" href=\"https:\/\/vrtec-sezana.si\/?page_id=6649\">GALERIJA<\/a><\/div>\n<\/div>\n<\/div>\n","protected":false},"excerpt":{"rendered":"<p>Pust je \u010das, ko se lahko prepustimo radostim in praznujemo \u017eivljenje v vsej njegovi raznolikosti. Dana\u0161nji dan je bil prav poseben. V vrtec so prikorakali gasilci, Indijanci, levi, sloni, vile, pikapolonice, princese in \u0161e bi lahko na\u0161tevala. Tako kot vsi ostali, so&#8230;<\/p>\n","protected":false},"author":24,"featured_media":6821,"comment_status":"closed","ping_status":"closed","sticky":false,"template":"","format":"standard","meta":{"footnotes":""},"categories":[6],"tags":[],"jetpack_featured_media_url":"https:\/\/vrtec-sezana.si\/wp-content\/uploads\/2024\/02\/pust-vanesa.jpg","_links":{"self":[{"href":"https:\/\/vrtec-sezana.si\/index.php?rest_route=\/wp\/v2\/posts\/6657"}],"collection":[{"href":"https:\/\/vrtec-sezana.si\/index.php?rest_route=\/wp\/v2\/posts"}],"about":[{"href":"https:\/\/vrtec-sezana.si\/index.php?rest_route=\/wp\/v2\/types\/post"}],"author":[{"embeddable":true,"href":"https:\/\/vrtec-sezana.si\/index.php?rest_route=\/wp\/v2\/users\/24"}],"replies":[{"embeddable":true,"href":"https:\/\/vrtec-sezana.si\/index.php?rest_route=%2Fwp%2Fv2%2Fcomments&post=6657"}],"version-history":[{"count":3,"href":"https:\/\/vrtec-sezana.si\/index.php?rest_route=\/wp\/v2\/posts\/6657\/revisions"}],"predecessor-version":[{"id":6974,"href":"https:\/\/vrtec-sezana.si\/index.php?rest_route=\/wp\/v2\/posts\/6657\/revisions\/6974"}],"wp:featuredmedia":[{"embeddable":true,"href":"https:\/\/vrtec-sezana.si\/index.php?rest_route=\/wp\/v2\/media\/6821"}],"wp:attachment":[{"href":"https:\/\/vrtec-sezana.si\/index.php?rest_route=%2Fwp%2Fv2%2Fmedia&parent=6657"}],"wp:term":[{"taxonomy":"category","embeddable":true,"href":"https:\/\/vrtec-sezana.si\/index.php?rest_route=%2Fwp%2Fv2%2Fcategories&post=6657"},{"taxonomy":"post_tag","embeddable":true,"href":"https:\/\/vrtec-sezana.si\/index.php?rest_route=%2Fwp%2Fv2%2Ftags&post=6657"}],"curies":[{"name":"wp","href":"https:\/\/api.w.org\/{rel}","templated":true}]}}