{"id":6527,"date":"2024-02-13T23:30:38","date_gmt":"2024-02-13T22:30:38","guid":{"rendered":"http:\/\/977.ablak.arnes.si\/?p=6527"},"modified":"2024-02-19T13:25:06","modified_gmt":"2024-02-19T12:25:06","slug":"maskare","status":"publish","type":"post","link":"https:\/\/vrtec-sezana.si\/?p=6527","title":{"rendered":"Ma\u0161kare"},"content":{"rendered":"\n<p><\/p>\n\n\n\n<p>\u201cSmo se v ma\u0161kare spremenili, da pomlad bi prebudili\u2026\u201d<\/p>\n\n\n\n<p>Priprave na pustni torek so se v skupini \u201cZaj\u010dki\u201d za\u010dele \u017ee teden prej. V na\u0161i skupini obo\u017eujemo glasbo, zato so priprave vklju\u010devale veliko prepevanja in plesa ob glasbi.&nbsp; Z Matejo sva zato v predpustnem tednu otrokom ponudili \u0161e nekaj kronic, u\u0161esk, klobukov, krilc ter kostumov, pri\u017egali pustno glasbo in takoj je nastala prava ma\u0161karada.<br>Otroci pa so zelo u\u017eivali tudi v poslikavi obraza, zato smo vsak dan med prosto igro poskrbeli, da so se nam v skupino prikradle \u0161e \u017eabe, ku\u017eki, levi, super junaki, pikapolonice in metulj\u010dki. Urili smo tudi matemati\u010dne in finomotori\u010dne spretnosti- iz revij smo izstrigli vse, kar nas je spomnilo na ma\u0161kare, nato pa smo razvr\u0161\u010dali ma\u0161kare in pustno hrano. Vsak dan smo se tudi pogovarjali, kaj se bomo na pustni torek o\u0161emili. Nekateri so poimenovali take kostume, kot so bili tisti dan poslikani po obrazu, zato smo si na\u0161a predvidevanja zapisali, da jih do torka ne pozabimo.&nbsp;<br>Na pustni torek so otroci od doma prinesli svoje kostume, po malici sva poskrbeli \u0161e za poslikave obraza, se preobuli in skupaj z drugimi skupinami od\u0161li odganjati zimo. V koloni smo se starej\u0161e skupine v dru\u017ebi pi\u0161\u010dalk, pikic in trakcev sprehodile po Stari vasi. Ob glasnem trobljenju smo na okna in dvori\u0161\u010da privabili tudi nekaj doma\u010dinov, ki so nas veselo pozdravljali in nas ob\u010dudovali. Po dolgi pustni povorki pa smo na vrt\u010devskem igri\u0161\u010du \u0161e zarajali ob pustni glasbi in u\u017eivali na tako lep son\u010den dan.<br>Kaj mislite, nam je uspelo prebuditi pomlad?<\/p>\n\n\n\n<p>Besedilo: Maru\u0161a Sera\u017ein<\/p>\n\n\n\n<p>Slike: arhiv enote Lehte<\/p>\n\n\n\n<div class=\"wp-block-group is-vertical is-layout-flex wp-container-2 wp-block-group-is-layout-flex\">\n<div class=\"wp-block-buttons is-layout-flex wp-block-buttons-is-layout-flex\">\n<div class=\"wp-block-button\"><a class=\"wp-block-button__link wp-element-button\" href=\"https:\/\/vrtec-sezana.si\/?page_id=6502\">GALERIJA<\/a><\/div>\n<\/div>\n<\/div>\n","protected":false},"excerpt":{"rendered":"<p>\u201cSmo se v ma\u0161kare spremenili, da pomlad bi prebudili\u2026\u201d Priprave na pustni torek so se v skupini \u201cZaj\u010dki\u201d za\u010dele \u017ee teden prej. V na\u0161i skupini obo\u017eujemo glasbo, zato so priprave vklju\u010devale veliko prepevanja in plesa ob glasbi.&nbsp; Z Matejo sva zato v&#8230;<\/p>\n","protected":false},"author":6,"featured_media":6524,"comment_status":"closed","ping_status":"closed","sticky":false,"template":"","format":"standard","meta":{"footnotes":""},"categories":[6],"tags":[],"jetpack_featured_media_url":"https:\/\/vrtec-sezana.si\/wp-content\/uploads\/2024\/02\/20240207_140421-scaled.jpg","_links":{"self":[{"href":"https:\/\/vrtec-sezana.si\/index.php?rest_route=\/wp\/v2\/posts\/6527"}],"collection":[{"href":"https:\/\/vrtec-sezana.si\/index.php?rest_route=\/wp\/v2\/posts"}],"about":[{"href":"https:\/\/vrtec-sezana.si\/index.php?rest_route=\/wp\/v2\/types\/post"}],"author":[{"embeddable":true,"href":"https:\/\/vrtec-sezana.si\/index.php?rest_route=\/wp\/v2\/users\/6"}],"replies":[{"embeddable":true,"href":"https:\/\/vrtec-sezana.si\/index.php?rest_route=%2Fwp%2Fv2%2Fcomments&post=6527"}],"version-history":[{"count":4,"href":"https:\/\/vrtec-sezana.si\/index.php?rest_route=\/wp\/v2\/posts\/6527\/revisions"}],"predecessor-version":[{"id":6975,"href":"https:\/\/vrtec-sezana.si\/index.php?rest_route=\/wp\/v2\/posts\/6527\/revisions\/6975"}],"wp:featuredmedia":[{"embeddable":true,"href":"https:\/\/vrtec-sezana.si\/index.php?rest_route=\/wp\/v2\/media\/6524"}],"wp:attachment":[{"href":"https:\/\/vrtec-sezana.si\/index.php?rest_route=%2Fwp%2Fv2%2Fmedia&parent=6527"}],"wp:term":[{"taxonomy":"category","embeddable":true,"href":"https:\/\/vrtec-sezana.si\/index.php?rest_route=%2Fwp%2Fv2%2Fcategories&post=6527"},{"taxonomy":"post_tag","embeddable":true,"href":"https:\/\/vrtec-sezana.si\/index.php?rest_route=%2Fwp%2Fv2%2Ftags&post=6527"}],"curies":[{"name":"wp","href":"https:\/\/api.w.org\/{rel}","templated":true}]}}