{"id":6374,"date":"2024-02-13T18:57:14","date_gmt":"2024-02-13T17:57:14","guid":{"rendered":"http:\/\/977.ablak.arnes.si\/?p=6374"},"modified":"2024-02-19T13:27:07","modified_gmt":"2024-02-19T12:27:07","slug":"moje-telo-skupina-zabice","status":"publish","type":"post","link":"https:\/\/vrtec-sezana.si\/?p=6374","title":{"rendered":"Moje telo (skupina \u017dabice)"},"content":{"rendered":"\n<p>V mesecu januarju smo v sklopu \u00bb<em>Moje telo<\/em>\u00ab spoznali in se nau\u010dili veliko novega. Dano temo smo izbrali, ker nas je za to navdihnila zdravstvena mizica, katero smo si izposodili iz sosednje skupine. Otroci so se z njo v koti\u010dku igrali z velikim navdu\u0161enjem. In ker je otrokov interes izhodi\u0161\u010de za obravnavo dolo\u010dene teme, ki otroke trenutno zanima, sva izkoristili prilo\u017enost.<\/p>\n\n\n\n<p>Otroci so najprej s \u010dutili zaznavali naravno okolje. Poslu\u0161ali so zvoke, pokanje vej, katere je burja upogibala, vonjali, tipali led in postopoma pre\u0161li na svoje telo ter zaznali tudi dele svojega telesa.<\/p>\n\n\n\n<p>Otroci so imeli v skupini kar nekaj knji\u017enega gradiva s strokovno literaturo o \u010dlove\u0161kem telesu, gibalih, mi\u0161icah itd. Dnevno so listali knjige, ker jih je zgradba telesa zanimala in porajalo se jim je veliko vpra\u0161anj. Preko knjig so se marsikaj nau\u010dili in z razlago spoznali nekatere nove besede in osvojili njihovi starosti primerna znanja o \u010dlovekovem telesu.<\/p>\n\n\n\n<p>Na velik list papirja smo obrisali de\u010dka ter v obris narisali pomembne organe. Pogovarjali smo se, da smo si ljudje po telesni zgradbi podobni a vendar tudi razli\u010dni, <em>vsak je edinstven in samosvoj.<\/em><\/p>\n\n\n\n<p>Ko so otroci pridobili nekaj novega znanja, so vstavili v obris otroka, ki je bil sestavljen iz kock, slike \u010dlove\u0161kih organov, katere so tudi prav postavili. Pogovarjali smo se tudi o tem, da je za na\u0161e zdravje potrebno nenehno skrbeti, \u010de pa pride do bolezni, moramo obiskati zdravnika. Z velikim navdu\u0161enjem smo se odlo\u010dili postavili koti\u010dek \u00bb<em>Zdravstveni dom in Lekarno<\/em>\u00ab. Zdravila nam pri bolezni pomagajo. V skupini imamo o\u010deta de\u010dka, ki pregleduje zdravila v laboratoriju. Obiskal nas je in nam predstavil delo laboranta ter pokazal nekaj poizkusov. S seboj je prinesel kar nekaj pripomo\u010dkov, ki jih uporabljajo v laboratoriju: haljice, o\u010dala, pipete, urno steklo\u2026 Otroci, \u010disto vsi, so se za nekaj minut spremenili v laboranta in se predali delu, niso se pustili motiti. Nalogo so vzeli resno.<\/p>\n\n\n\n<p>Obiskov \u0161e ni bilo konec, v na\u0161o skupino smo povabili tudi medicinsko sestro ga. Ano Furlan. Otrokom je \u017eelela pribli\u017eati delo zdravnika in na ta na\u010din pomagati otrokom prebroditi strah pred obiskom zdravnika. Z zdravstvenimi pripomo\u010dki je otrokom pokazala, kako se oskrbi rane, po\u0161kodbe in kako poteka sistematski pregled otroka.<\/p>\n\n\n\n<p>Ambulanta v skupini \u0161e vedno obratuje in kot ka\u017ee, je \u0161e ne bomo zaprli, ker je pri otrocih veliko zanimanje za igro vlog-zdravnik.<\/p>\n\n\n\n<p>V tem sklopu so se otroci veliko novega nau\u010dili, opazovali sebe, dele telesa, spoznali zdravni\u0161ke pripomo\u010dke ter se jih nau\u010dili poimenovati in kar je najbolj pomembno, spoznali, z branjem knjige <em>\u00bbTudi sebe imam rad!\u00ab,<\/em> da se morajo imeti radi- vsak je edinstven, samosvoj.<\/p>\n\n\n\n<p>Gospodu Bojanu in gospe Ani se zahvaljujemo za obisk.<\/p>\n\n\n\n<p>Besedilo: Erna Fabjan\u010di\u010d<\/p>\n\n\n\n<p>Fotografije: Erna Fabjan\u010di\u010d in Mateja Bol\u010di\u010d<\/p>\n\n\n\n<p><\/p>\n\n\n\n<div class=\"wp-block-buttons is-layout-flex wp-block-buttons-is-layout-flex\">\n<div class=\"wp-block-button\"><a class=\"wp-block-button__link wp-element-button\" href=\"https:\/\/vrtec-sezana.si\/?page_id=6350\">GALERIJA<\/a><\/div>\n<\/div>\n","protected":false},"excerpt":{"rendered":"<p>V mesecu januarju smo v sklopu \u00bbMoje telo\u00ab spoznali in se nau\u010dili veliko novega. Dano temo smo izbrali, ker nas je za to navdihnila zdravstvena mizica, katero smo si izposodili iz sosednje skupine. Otroci so se z njo v koti\u010dku igrali z&#8230;<\/p>\n","protected":false},"author":10,"featured_media":6370,"comment_status":"closed","ping_status":"closed","sticky":false,"template":"","format":"standard","meta":{"footnotes":""},"categories":[10],"tags":[],"jetpack_featured_media_url":"https:\/\/vrtec-sezana.si\/wp-content\/uploads\/2024\/02\/naslovna-slika-scaled.jpg","_links":{"self":[{"href":"https:\/\/vrtec-sezana.si\/index.php?rest_route=\/wp\/v2\/posts\/6374"}],"collection":[{"href":"https:\/\/vrtec-sezana.si\/index.php?rest_route=\/wp\/v2\/posts"}],"about":[{"href":"https:\/\/vrtec-sezana.si\/index.php?rest_route=\/wp\/v2\/types\/post"}],"author":[{"embeddable":true,"href":"https:\/\/vrtec-sezana.si\/index.php?rest_route=\/wp\/v2\/users\/10"}],"replies":[{"embeddable":true,"href":"https:\/\/vrtec-sezana.si\/index.php?rest_route=%2Fwp%2Fv2%2Fcomments&post=6374"}],"version-history":[{"count":2,"href":"https:\/\/vrtec-sezana.si\/index.php?rest_route=\/wp\/v2\/posts\/6374\/revisions"}],"predecessor-version":[{"id":6976,"href":"https:\/\/vrtec-sezana.si\/index.php?rest_route=\/wp\/v2\/posts\/6374\/revisions\/6976"}],"wp:featuredmedia":[{"embeddable":true,"href":"https:\/\/vrtec-sezana.si\/index.php?rest_route=\/wp\/v2\/media\/6370"}],"wp:attachment":[{"href":"https:\/\/vrtec-sezana.si\/index.php?rest_route=%2Fwp%2Fv2%2Fmedia&parent=6374"}],"wp:term":[{"taxonomy":"category","embeddable":true,"href":"https:\/\/vrtec-sezana.si\/index.php?rest_route=%2Fwp%2Fv2%2Fcategories&post=6374"},{"taxonomy":"post_tag","embeddable":true,"href":"https:\/\/vrtec-sezana.si\/index.php?rest_route=%2Fwp%2Fv2%2Ftags&post=6374"}],"curies":[{"name":"wp","href":"https:\/\/api.w.org\/{rel}","templated":true}]}}