{"id":6104,"date":"2024-02-07T19:47:28","date_gmt":"2024-02-07T18:47:28","guid":{"rendered":"http:\/\/977.ablak.arnes.si\/?p=6104"},"modified":"2024-02-19T13:30:55","modified_gmt":"2024-02-19T12:30:55","slug":"nas-prvi-bazar","status":"publish","type":"post","link":"https:\/\/vrtec-sezana.si\/?p=6104","title":{"rendered":"Na\u0161 prvi bazar"},"content":{"rendered":"\n<p>Ob za\u010detku decembra smo se v enoti Diva\u010da odeli v&nbsp;prazni\u010dne barve in se prepustili \u010darobnosti prihajajo\u010dih praznikov. Prvi\u010d smostrokovne delavke pripravile prazni\u010dni bazar v \u010detrtek, 7. 12. 2023. Vsem obiskovalcem smo uvodoma pri\u010darali kan\u010dek prazni\u010dnega vzdu\u0161ja z nastopom otro\u0161kega zbor\u010dka ter glasbeno spremljavo mame Anite na klavirju in tatija Dejana na kitari, v en glas pa smo zapele tudi vse strokovne delavke. Nato smo goste popeljali po bogato oblo\u017eenih stojnicah.&nbsp;V soju prazni\u010dnih lu\u010dk, ob spremljavi bo\u017ei\u010dne glasbe, toplega \u010daja in peciva, smo prijetno poklepetali in se prepustili spro\u0161\u010denemu dru\u017eenju in izbiranju&nbsp; raznovrstnih izdelkov nastalih iz pod rok otrok in vzgojiteljic.<\/p>\n\n\n\n<p>V imenu strokovnih delavk vrtca Se\u017eana, enote Diva\u010da z ravnateljico Tejo \u010ceh Svetina se vsem, ki so se bazarja udele\u017eili, zahvaljujemo za prostovoljne prispevke, ki bodo deloma namenjeni v Sklad Vrtca Se\u017eana ter deloma nakupu didakti\u010dnega materijala na\u0161emu vrtcu.<\/p>\n\n\n\n<p>Tisti, ki se zavedamo kaj pomeni resni\u010dno \u017eiveti, vemo, da se dan najlep\u0161e pri\u010dne z nasmehom. Pomaga nam pri\u010darati prijaznost, razumevanje in smeh iz vsega srca.<\/p>\n\n\n\n<p>Besedilo: Barbara Majcen<\/p>\n\n\n\n<p>Fotografije: arhiv enote <\/p>\n\n\n\n<div class=\"wp-block-buttons is-layout-flex wp-block-buttons-is-layout-flex\">\n<div class=\"wp-block-button\"><a class=\"wp-block-button__link wp-element-button\" href=\"https:\/\/vrtec-sezana.si\/?page_id=6094\">GALERIJA<\/a><\/div>\n<\/div>\n","protected":false},"excerpt":{"rendered":"<p>Ob za\u010detku decembra smo se v enoti Diva\u010da odeli v&nbsp;prazni\u010dne barve in se prepustili \u010darobnosti prihajajo\u010dih praznikov. Prvi\u010d smostrokovne delavke pripravile prazni\u010dni bazar v \u010detrtek, 7. 12. 2023. Vsem obiskovalcem smo uvodoma pri\u010darali kan\u010dek prazni\u010dnega vzdu\u0161ja z nastopom otro\u0161kega zbor\u010dka ter glasbeno&#8230;<\/p>\n","protected":false},"author":17,"featured_media":6074,"comment_status":"closed","ping_status":"closed","sticky":false,"template":"","format":"standard","meta":{"footnotes":""},"categories":[9],"tags":[],"jetpack_featured_media_url":"https:\/\/vrtec-sezana.si\/wp-content\/uploads\/2024\/02\/IMG20231221092753-scaled.jpg","_links":{"self":[{"href":"https:\/\/vrtec-sezana.si\/index.php?rest_route=\/wp\/v2\/posts\/6104"}],"collection":[{"href":"https:\/\/vrtec-sezana.si\/index.php?rest_route=\/wp\/v2\/posts"}],"about":[{"href":"https:\/\/vrtec-sezana.si\/index.php?rest_route=\/wp\/v2\/types\/post"}],"author":[{"embeddable":true,"href":"https:\/\/vrtec-sezana.si\/index.php?rest_route=\/wp\/v2\/users\/17"}],"replies":[{"embeddable":true,"href":"https:\/\/vrtec-sezana.si\/index.php?rest_route=%2Fwp%2Fv2%2Fcomments&post=6104"}],"version-history":[{"count":4,"href":"https:\/\/vrtec-sezana.si\/index.php?rest_route=\/wp\/v2\/posts\/6104\/revisions"}],"predecessor-version":[{"id":6985,"href":"https:\/\/vrtec-sezana.si\/index.php?rest_route=\/wp\/v2\/posts\/6104\/revisions\/6985"}],"wp:featuredmedia":[{"embeddable":true,"href":"https:\/\/vrtec-sezana.si\/index.php?rest_route=\/wp\/v2\/media\/6074"}],"wp:attachment":[{"href":"https:\/\/vrtec-sezana.si\/index.php?rest_route=%2Fwp%2Fv2%2Fmedia&parent=6104"}],"wp:term":[{"taxonomy":"category","embeddable":true,"href":"https:\/\/vrtec-sezana.si\/index.php?rest_route=%2Fwp%2Fv2%2Fcategories&post=6104"},{"taxonomy":"post_tag","embeddable":true,"href":"https:\/\/vrtec-sezana.si\/index.php?rest_route=%2Fwp%2Fv2%2Ftags&post=6104"}],"curies":[{"name":"wp","href":"https:\/\/api.w.org\/{rel}","templated":true}]}}