{"id":6092,"date":"2024-02-07T19:27:04","date_gmt":"2024-02-07T18:27:04","guid":{"rendered":"http:\/\/977.ablak.arnes.si\/?p=6092"},"modified":"2024-02-19T13:32:55","modified_gmt":"2024-02-19T12:32:55","slug":"polz-na-obisku","status":"publish","type":"post","link":"https:\/\/vrtec-sezana.si\/?p=6092","title":{"rendered":"Pol\u017e na obisku"},"content":{"rendered":"\n<p><span style=\"font-size:12.0pt;\nline-height:115%;font-family:&quot;Times New Roman&quot;,serif\">V skupini \u00bbSon\u010dki\u00ab smo se preizkusili v vlogi pravih raziskovalcev. Najprej smo se dogovorili kaj bomo raziskovali, kar sploh ni bilo te\u017eko, saj so na\u0161o pozornost pol\u017ei pogosto pritegnili kjerkoli smo jih videli: na sprehodu, na poti v vrtec in na dvori\u0161\u010du.<\/span><p class=\"MsoNormal\" style=\"line-height:115%\"><span style=\"font-size:12.0pt;\nline-height:115%;font-family:&quot;Times New Roman&quot;,serif\">Preverili smo, kaj o pol\u017eih \u017ee vemo, vsak otrok je povedal, kar o pol\u017eih \u017ee ve in nastal je plakat poln zanimivih informacij, med pogovorom pa smo naleteli tudi na stvari, ki so nas \u0161e zanimale. Odlo\u010dili smo se, da preverimo prav vse.<\/span><\/p><p class=\"MsoNormal\" style=\"line-height:115%\"><span style=\"font-size:12.0pt;\nline-height:115%;font-family:&quot;Times New Roman&quot;,serif\">Opazovali smo pol\u017ee v naravi, obiskali smo knji\u017enico, kjer smo si izposodili knjige o pol\u017eih, poiskali smo informacije o pol\u017eih na internetu, si ogledali posnetke in podobno.<\/span><\/p><p class=\"MsoNormal\" style=\"line-height:115%\"><span style=\"font-size:12.0pt;\nline-height:115%;font-family:&quot;Times New Roman&quot;,serif\">V skupino smo povabili tudi Barbaro, ki nam je v skrb zaupala svojega pol\u017ea Bineta. Bine je afri\u0161ki pol\u017e, zato je tudi veliko ve\u010dji od pol\u017eev, ki jih poznamo. Otrokom je bil pol\u017e zelo zanimiv in skrb zanj so vzeli zelo resno. Redno so mu prina\u0161ali hrano, \u010distili terarij, nosili vodo,\u2026 Kljub temu, da je bil pol\u017e velik, so mu otroci z veseljem ponudili dlan in upali, da zleze nanjo.<\/span><\/p><p class=\"MsoNormal\" style=\"line-height:115%\"><span style=\"font-size:12.0pt;\nline-height:115%;font-family:&quot;Times New Roman&quot;,serif\">O pol\u017eih smo se nau\u010dili veliko, predvsem pa smo spoznali, kako in kje lahko poi\u0161\u010demo informacije o vsem, kar nas zanima.<\/span><\/p><p class=\"MsoNormal\" style=\"line-height:115%\"><span style=\"font-size:12.0pt;\nline-height:115%;font-family:&quot;Times New Roman&quot;,serif\">\u00a0Besedilo: Anika Perhavec<\/span><\/p><p class=\"MsoNormal\" style=\"line-height:115%\"><span style=\"font-size:12.0pt;\nline-height:115%;font-family:&quot;Times New Roman&quot;,serif\">Fotografije: Anika Perhavec<\/span><\/p><\/p>\n\n\n\n<p><\/p>\n\n\n\n<div class=\"wp-block-buttons is-layout-flex wp-block-buttons-is-layout-flex\">\n<div class=\"wp-block-button\"><a class=\"wp-block-button__link wp-element-button\" href=\"https:\/\/vrtec-sezana.si\/?page_id=6078\">GALERIJA<\/a><\/div>\n<\/div>\n","protected":false},"excerpt":{"rendered":"<p>V skupini \u00bbSon\u010dki\u00ab smo se preizkusili v vlogi pravih raziskovalcev. Najprej smo se dogovorili kaj bomo raziskovali, kar sploh ni bilo te\u017eko, saj so na\u0161o pozornost pol\u017ei pogosto pritegnili kjerkoli smo jih videli: na sprehodu, na poti v vrtec in na dvori\u0161\u010du&#8230;.<\/p>\n","protected":false},"author":17,"featured_media":6089,"comment_status":"closed","ping_status":"closed","sticky":false,"template":"","format":"standard","meta":{"footnotes":""},"categories":[9],"tags":[],"jetpack_featured_media_url":"https:\/\/vrtec-sezana.si\/wp-content\/uploads\/2024\/02\/20231025_133055-scaled.jpg","_links":{"self":[{"href":"https:\/\/vrtec-sezana.si\/index.php?rest_route=\/wp\/v2\/posts\/6092"}],"collection":[{"href":"https:\/\/vrtec-sezana.si\/index.php?rest_route=\/wp\/v2\/posts"}],"about":[{"href":"https:\/\/vrtec-sezana.si\/index.php?rest_route=\/wp\/v2\/types\/post"}],"author":[{"embeddable":true,"href":"https:\/\/vrtec-sezana.si\/index.php?rest_route=\/wp\/v2\/users\/17"}],"replies":[{"embeddable":true,"href":"https:\/\/vrtec-sezana.si\/index.php?rest_route=%2Fwp%2Fv2%2Fcomments&post=6092"}],"version-history":[{"count":2,"href":"https:\/\/vrtec-sezana.si\/index.php?rest_route=\/wp\/v2\/posts\/6092\/revisions"}],"predecessor-version":[{"id":6986,"href":"https:\/\/vrtec-sezana.si\/index.php?rest_route=\/wp\/v2\/posts\/6092\/revisions\/6986"}],"wp:featuredmedia":[{"embeddable":true,"href":"https:\/\/vrtec-sezana.si\/index.php?rest_route=\/wp\/v2\/media\/6089"}],"wp:attachment":[{"href":"https:\/\/vrtec-sezana.si\/index.php?rest_route=%2Fwp%2Fv2%2Fmedia&parent=6092"}],"wp:term":[{"taxonomy":"category","embeddable":true,"href":"https:\/\/vrtec-sezana.si\/index.php?rest_route=%2Fwp%2Fv2%2Fcategories&post=6092"},{"taxonomy":"post_tag","embeddable":true,"href":"https:\/\/vrtec-sezana.si\/index.php?rest_route=%2Fwp%2Fv2%2Ftags&post=6092"}],"curies":[{"name":"wp","href":"https:\/\/api.w.org\/{rel}","templated":true}]}}