{"id":4711,"date":"2024-01-13T01:05:00","date_gmt":"2024-01-13T00:05:00","guid":{"rendered":"http:\/\/977.ablak.arnes.si\/?p=4711"},"modified":"2024-02-19T13:45:21","modified_gmt":"2024-02-19T12:45:21","slug":"praznicni-bazar-v-vrtcu-komen","status":"publish","type":"post","link":"https:\/\/vrtec-sezana.si\/?p=4711","title":{"rendered":"PRAZNI\u010cNI BAZAR V VRTCU KOMEN"},"content":{"rendered":"\n<p>V sredo, 13. 12. 2023, je bil v vrtcu Komen poseben popoldan. V vrtec so se v popoldanskem \u010dasu, na prazni\u010dni bazar vrnili otroci ter njihovi star\u0161i. \u017de pogled na lepo okra\u0161en vrtec in vzdu\u0161je, ki se je \u010dutilo na vsakem koraku, nam je pri\u010daral topel ob\u010dutek.<\/p>\n\n\n\n<p>V uvodnem delu je vodja enote Agata Masten, pozdravila in nagovorila vse prisotne na bazarju. Poleg Agate sta obiskovalce pozdravila in jim za\u017eelela lepe praznike g. ravnateljica Teja \u010ceh Svetina, ter \u017eupan ob\u010dine Komen g. Erik Modic.<\/p>\n\n\n\n<p>Program na prazni\u010dnem bazarju so nam popestrili \u010dlani \u0161olskega pihalnega orkestra Komen Val, Sara, in Mihael ter njihov mentor g. Matija Tav\u010dar. Otroci iz vrtca, ki obiskujejo glasbene delavnice Glasbeno umetni\u0161kega dru\u0161tva pihalnega orkestra Komen pod vodstvom Da\u0161e Tav\u010dar, na\u0161e najmlaj\u0161e plesalke Skupine Be Funky z Matejo Ter\u010don Knap ter baletni plesalci \u0160portnega in kulturno umetni\u0161kega dru\u0161tva 15. februar Komen pod vodstvom Eve Lavren\u010di\u010d. Vsem nastopajo\u010dim se \u0161e enkrat lepo zahvaljujemo.<\/p>\n\n\n\n<p>Po kulturnem programu je sledil obisk stojnic, na njih so bili izdelki, ki so jih izdelali otroci in strokovne delavke vrtca. Prazni\u010dnemu bazarju se je pridru\u017eila tudi skupina otrok iz \u0160tanjela, ki gostuje v prostorih vrtca. Izdelke, ki so jih pripravili, so ponujali na svoji stojnici.<\/p>\n\n\n\n<p>\u010ceprav smo bazar na\u010drtovali na zunanjih povr\u0161inah vrtca nam vreme v sredo, ni bilo naklonjeno. Zato smo bazar pripravili v prostorih vrtca Komen. Z dobro voljo vseh prisotnih nam je kljub prostorski stiski, uspelo pri\u010darati lep prazni\u010dni popoldan. Za konec smo se posladkali s pi\u0161koti ter ogreli s skodelico \u010daja.<\/p>\n\n\n\n<p>Iskreno se zahvaljujemo vsem otrokom in star\u0161em, ki ste obiskali prazni\u010dni bazar ter s tem izkazali svojo dobrodelnost. Del zbranih prostovoljnih prispevkov bomo namenili za nakup didakti\u010dnih pripomo\u010dkov v enoti Komen, del pa za sklad vrtca Se\u017eana.<\/p>\n\n\n\n<p>Za enoto Komen: Monika Turk<\/p>\n\n\n\n<p>Fotografije: strokovne delavke enote Komen<\/p>\n\n\n\n<div class=\"wp-block-buttons is-layout-flex wp-block-buttons-is-layout-flex\">\n<div class=\"wp-block-button\"><a class=\"wp-block-button__link wp-element-button\" href=\"https:\/\/vrtec-sezana.si\/?page_id=4712\">GALERIJA<\/a><\/div>\n<\/div>\n","protected":false},"excerpt":{"rendered":"<p>V sredo, 13. 12. 2023, je bil v vrtcu Komen poseben popoldan. V vrtec so se v popoldanskem \u010dasu, na prazni\u010dni bazar vrnili otroci ter njihovi star\u0161i. \u017de pogled na lepo okra\u0161en vrtec in vzdu\u0161je, ki se je \u010dutilo na vsakem koraku,&#8230;<\/p>\n","protected":false},"author":1,"featured_media":525,"comment_status":"closed","ping_status":"closed","sticky":false,"template":"","format":"standard","meta":{"footnotes":""},"categories":[12],"tags":[],"jetpack_featured_media_url":"https:\/\/vrtec-sezana.si\/wp-content\/uploads\/2023\/11\/OpisKomen.jpg","_links":{"self":[{"href":"https:\/\/vrtec-sezana.si\/index.php?rest_route=\/wp\/v2\/posts\/4711"}],"collection":[{"href":"https:\/\/vrtec-sezana.si\/index.php?rest_route=\/wp\/v2\/posts"}],"about":[{"href":"https:\/\/vrtec-sezana.si\/index.php?rest_route=\/wp\/v2\/types\/post"}],"author":[{"embeddable":true,"href":"https:\/\/vrtec-sezana.si\/index.php?rest_route=\/wp\/v2\/users\/1"}],"replies":[{"embeddable":true,"href":"https:\/\/vrtec-sezana.si\/index.php?rest_route=%2Fwp%2Fv2%2Fcomments&post=4711"}],"version-history":[{"count":2,"href":"https:\/\/vrtec-sezana.si\/index.php?rest_route=\/wp\/v2\/posts\/4711\/revisions"}],"predecessor-version":[{"id":7012,"href":"https:\/\/vrtec-sezana.si\/index.php?rest_route=\/wp\/v2\/posts\/4711\/revisions\/7012"}],"wp:featuredmedia":[{"embeddable":true,"href":"https:\/\/vrtec-sezana.si\/index.php?rest_route=\/wp\/v2\/media\/525"}],"wp:attachment":[{"href":"https:\/\/vrtec-sezana.si\/index.php?rest_route=%2Fwp%2Fv2%2Fmedia&parent=4711"}],"wp:term":[{"taxonomy":"category","embeddable":true,"href":"https:\/\/vrtec-sezana.si\/index.php?rest_route=%2Fwp%2Fv2%2Fcategories&post=4711"},{"taxonomy":"post_tag","embeddable":true,"href":"https:\/\/vrtec-sezana.si\/index.php?rest_route=%2Fwp%2Fv2%2Ftags&post=4711"}],"curies":[{"name":"wp","href":"https:\/\/api.w.org\/{rel}","templated":true}]}}