{"id":4695,"date":"2024-01-13T01:02:00","date_gmt":"2024-01-13T00:02:00","guid":{"rendered":"http:\/\/977.ablak.arnes.si\/?p=4695"},"modified":"2024-02-19T13:45:40","modified_gmt":"2024-02-19T12:45:40","slug":"praznicni-december-v-vrtcu-komen","status":"publish","type":"post","link":"https:\/\/vrtec-sezana.si\/?p=4695","title":{"rendered":"PRAZNI\u010cNI DECEMBER V VRTCU KOMEN"},"content":{"rendered":"\n<p>Tudi v tokratnem decembru smo si skupaj z otroki v vrtcu sku\u0161ali pri\u010darati \u010dim bolj prazni\u010dne in pri\u010dakovanja polne dneve.<\/p>\n\n\n\n<p>Da bi prihajajo\u010de praznike res za\u010dutili, smo si najprej prazni\u010dno okrasili prostore vrtca. V ta namen smo kar sami izdelali okraske. Namesto smre\u010dice, pa smo postavili in okrasili kar dve lestvi, ki sta ponazarjali vzpenjanje in rast k lep\u0161emu in bolj\u0161emu na vseh podro\u010djih in v lesku novoletnih lu\u010dk odsevali sporo\u010dilo prijateljstva in dobrodo\u0161lice.<\/p>\n\n\n\n<p>U\u010denci glasbene \u0161ole so nas povabili na prazni\u010dni koncert v prostore osnovne \u0161ole. Mi pa smo svoje star\u0161e in stare star\u0161e povabili na prazni\u010dni bazar, na katerem smo jim ponudili razli\u010dne izdelke, ki smo jih izdelali skupaj z otroki. Pridru\u017eil se nam je tudi \u017eupan, ki smo ga bili zelo veseli.<\/p>\n\n\n\n<p>Prazniki so se vse bolj bli\u017eali, v vrtcu pa je prazni\u010dno vzdu\u0161je bilo vse mo\u010dnej\u0161e. Nekega dne so nam pal\u010dki prihajajo\u010dih dobrih mo\u017e ob okra\u0161enih lestvah postavili prazni\u010dno skrinjo presene\u010denj. Videti je bila res stara, a se je v njej vsak dan skrivalo pravo pravcato presene\u010denje. Zato smo se vsako dopoldne ob njej zbrali in skupaj odkrili njen zaklad. Skrinja nam je v goste \u201cpripeljala\u201d knji\u017eni\u010darko Marijo, ki nam je ob pomo\u010di otrok iz najstarej\u0161ega oddelka (skupina Zaj\u010dki) polep\u0161ala dopoldne s pravljico Rokavi\u010dka pa nekdanjo vzgojiteljico Silvo, s katero smo si privo\u0161\u010dili prazni\u010dno \u010dajanko ter enega od o\u010detov, ki nam je zaigral na trobento. Ob zvokih te smo tudi zapeli in se prav lu\u0161tno imeli. V skrinji so se skrivale prazni\u010dne slikanice, ki smo jih prebirali in risani film Sre\u010dko bo\u017ei\u010dni okrasek. \u0160e posebej veseli pa smo bili pisma tistega pravega \u2013 s sivo ku\u010dmo in belo brado, ki nas je tudi obiskal ter na obdaroval. Najmlaj\u0161e je obiskal v prostorih vrtca, s starej\u0161imi pa se je sre\u010dal v dvorani zadru\u017enega doma v Komnu, kjer so si ogledali tudi predstavo Nagajiva sne\u017einka.<\/p>\n\n\n\n<p>Da pa bi to prazni\u010dno vzdu\u0161je prenesli tudi v na\u0161e domove, smo za svoje doma\u010de izdelali prazni\u010dna darilca ter vo\u0161\u010dilnice z lepimi \u017eeljami.<\/p>\n\n\n\n<p>Besedilo: Agata Masten<\/p>\n\n\n\n<p>Fotografije: strokovne delavke enote Komen<\/p>\n\n\n\n<div class=\"wp-block-buttons is-layout-flex wp-block-buttons-is-layout-flex\">\n<div class=\"wp-block-button\"><a class=\"wp-block-button__link wp-element-button\" href=\"https:\/\/vrtec-sezana.si\/?page_id=4696\">GALERIJA<\/a><\/div>\n<\/div>\n","protected":false},"excerpt":{"rendered":"<p>Tudi v tokratnem decembru smo si skupaj z otroki v vrtcu sku\u0161ali pri\u010darati \u010dim bolj prazni\u010dne in pri\u010dakovanja polne dneve. Da bi prihajajo\u010de praznike res za\u010dutili, smo si najprej prazni\u010dno okrasili prostore vrtca. V ta namen smo kar sami izdelali okraske. Namesto&#8230;<\/p>\n","protected":false},"author":1,"featured_media":525,"comment_status":"closed","ping_status":"closed","sticky":false,"template":"","format":"standard","meta":{"footnotes":""},"categories":[12],"tags":[],"jetpack_featured_media_url":"https:\/\/vrtec-sezana.si\/wp-content\/uploads\/2023\/11\/OpisKomen.jpg","_links":{"self":[{"href":"https:\/\/vrtec-sezana.si\/index.php?rest_route=\/wp\/v2\/posts\/4695"}],"collection":[{"href":"https:\/\/vrtec-sezana.si\/index.php?rest_route=\/wp\/v2\/posts"}],"about":[{"href":"https:\/\/vrtec-sezana.si\/index.php?rest_route=\/wp\/v2\/types\/post"}],"author":[{"embeddable":true,"href":"https:\/\/vrtec-sezana.si\/index.php?rest_route=\/wp\/v2\/users\/1"}],"replies":[{"embeddable":true,"href":"https:\/\/vrtec-sezana.si\/index.php?rest_route=%2Fwp%2Fv2%2Fcomments&post=4695"}],"version-history":[{"count":2,"href":"https:\/\/vrtec-sezana.si\/index.php?rest_route=\/wp\/v2\/posts\/4695\/revisions"}],"predecessor-version":[{"id":7014,"href":"https:\/\/vrtec-sezana.si\/index.php?rest_route=\/wp\/v2\/posts\/4695\/revisions\/7014"}],"wp:featuredmedia":[{"embeddable":true,"href":"https:\/\/vrtec-sezana.si\/index.php?rest_route=\/wp\/v2\/media\/525"}],"wp:attachment":[{"href":"https:\/\/vrtec-sezana.si\/index.php?rest_route=%2Fwp%2Fv2%2Fmedia&parent=4695"}],"wp:term":[{"taxonomy":"category","embeddable":true,"href":"https:\/\/vrtec-sezana.si\/index.php?rest_route=%2Fwp%2Fv2%2Fcategories&post=4695"},{"taxonomy":"post_tag","embeddable":true,"href":"https:\/\/vrtec-sezana.si\/index.php?rest_route=%2Fwp%2Fv2%2Ftags&post=4695"}],"curies":[{"name":"wp","href":"https:\/\/api.w.org\/{rel}","templated":true}]}}