{"id":4682,"date":"2024-01-13T01:00:00","date_gmt":"2024-01-13T00:00:00","guid":{"rendered":"http:\/\/977.ablak.arnes.si\/?p=4682"},"modified":"2024-02-19T13:46:00","modified_gmt":"2024-02-19T12:46:00","slug":"z-zgodbico-smesno-smo-zakorakali-v-zimo","status":"publish","type":"post","link":"https:\/\/vrtec-sezana.si\/?p=4682","title":{"rendered":"Z ZGODBICO SME\u0160NO SMO ZAKORAKALI V ZIMO"},"content":{"rendered":"\n<p>V prvi dan zime smo vstopili z zgodbico Sme\u0161no (avtor: Michael Coleman). Ob projekciji te smo najprej spoznali \u017eelvico Cecilijo in vse njene dogodiv\u0161\u010dine, do katerih jo je pripeljala njena radovednost. Nato pa smo se preko \u0161portnega poligona \u0161e mi podali v razne gibalne izzive na razli\u010dnih postajah. Preizkusili smo se v hoji kot ra\u010dka, ki jo je Cecilija v zgodbici prva sre\u010dala na potepanju po zasne\u017eeni zimski pokrajini. Tekli smo kot ku\u017ea v zgodbici, da bi se ogrel. Plezali preko miz, klopi, stolov in foteljev kot je v zgodbici muca splezala na drevo, ko jo je lovil ku\u017ea. Poskakovali iz obro\u010da v obro\u010d, kot je v zgodbici skakljal pti\u010dek, ki ga je zeblo v mrzli zimi in zato ni mogel leteti. Se po lestvi povzpeli gor, kot se je Cecilija povzpela na vrh hriba, ter po toboganu zdrseli dol, kot je drsela Cecilija, ko ji je na vrhu hriba spodrsnilo na ledeni plo\u0161\u010di ter se na koncu splazili skozi tunel, kot se je po svoji zimski dogodiv\u0161\u010dini splazila Cecilija v svoj topli dom. No, pa smo tudi vam razkrili del\u010dek vsebine zgodbice Sme\u0161no. Nam je bila ta zelo v\u0161e\u010d.<\/p>\n\n\n\n<p>Besedilo: Agata Masten<\/p>\n\n\n\n<p>Fotografije: strokovne delavke enote Komen<\/p>\n\n\n\n<div class=\"wp-block-buttons is-layout-flex wp-block-buttons-is-layout-flex\">\n<div class=\"wp-block-button\"><a class=\"wp-block-button__link wp-element-button\" href=\"https:\/\/vrtec-sezana.si\/?page_id=4683\">GALERIJA<\/a><\/div>\n<\/div>\n","protected":false},"excerpt":{"rendered":"<p>V prvi dan zime smo vstopili z zgodbico Sme\u0161no (avtor: Michael Coleman). Ob projekciji te smo najprej spoznali \u017eelvico Cecilijo in vse njene dogodiv\u0161\u010dine, do katerih jo je pripeljala njena radovednost. Nato pa smo se preko \u0161portnega poligona \u0161e mi podali v&#8230;<\/p>\n","protected":false},"author":1,"featured_media":525,"comment_status":"closed","ping_status":"closed","sticky":false,"template":"","format":"standard","meta":{"footnotes":""},"categories":[12],"tags":[],"jetpack_featured_media_url":"https:\/\/vrtec-sezana.si\/wp-content\/uploads\/2023\/11\/OpisKomen.jpg","_links":{"self":[{"href":"https:\/\/vrtec-sezana.si\/index.php?rest_route=\/wp\/v2\/posts\/4682"}],"collection":[{"href":"https:\/\/vrtec-sezana.si\/index.php?rest_route=\/wp\/v2\/posts"}],"about":[{"href":"https:\/\/vrtec-sezana.si\/index.php?rest_route=\/wp\/v2\/types\/post"}],"author":[{"embeddable":true,"href":"https:\/\/vrtec-sezana.si\/index.php?rest_route=\/wp\/v2\/users\/1"}],"replies":[{"embeddable":true,"href":"https:\/\/vrtec-sezana.si\/index.php?rest_route=%2Fwp%2Fv2%2Fcomments&post=4682"}],"version-history":[{"count":2,"href":"https:\/\/vrtec-sezana.si\/index.php?rest_route=\/wp\/v2\/posts\/4682\/revisions"}],"predecessor-version":[{"id":7015,"href":"https:\/\/vrtec-sezana.si\/index.php?rest_route=\/wp\/v2\/posts\/4682\/revisions\/7015"}],"wp:featuredmedia":[{"embeddable":true,"href":"https:\/\/vrtec-sezana.si\/index.php?rest_route=\/wp\/v2\/media\/525"}],"wp:attachment":[{"href":"https:\/\/vrtec-sezana.si\/index.php?rest_route=%2Fwp%2Fv2%2Fmedia&parent=4682"}],"wp:term":[{"taxonomy":"category","embeddable":true,"href":"https:\/\/vrtec-sezana.si\/index.php?rest_route=%2Fwp%2Fv2%2Fcategories&post=4682"},{"taxonomy":"post_tag","embeddable":true,"href":"https:\/\/vrtec-sezana.si\/index.php?rest_route=%2Fwp%2Fv2%2Ftags&post=4682"}],"curies":[{"name":"wp","href":"https:\/\/api.w.org\/{rel}","templated":true}]}}