{"id":463,"date":"2023-10-11T13:40:06","date_gmt":"2023-10-11T12:40:06","guid":{"rendered":"http:\/\/977.ablak.arnes.si\/?p=463"},"modified":"2024-02-21T14:17:12","modified_gmt":"2024-02-21T13:17:12","slug":"teden-otroka","status":"publish","type":"post","link":"https:\/\/vrtec-sezana.si\/?p=463","title":{"rendered":"TEDEN OTROKA"},"content":{"rendered":"\n<p>Na\u0161i novin\u010dki so \u017ee pogumno zakorakali \u010dez uvajalni september. Spoznavali smo nove prijatelje, igre in na\u0161o okolico. V oktobru, ko obele\u017eujemo teden otroka, smo imeli zelo pester program. Spet smo sodelovali z kmetijo \u017derjal, katerim smo pomagali izdelati traktor iz bal sena. Pobarvali smo rekvizite in z njimi okrasili bale in nastal je pravi traktor ob dnevu odprtih vrat njihove kmetije. Medse smo povabili prvo\u0161olce, da se nam pridru\u017eijo pri igri. Imeli smo tudi plesni dopoldan in ob glasbi uprizarjali jesenske listke. Prvo\u0161olce smo povabili tudi na pohod k \u010darovnici Mici. Gospa Marija iz Rde\u010dega Kri\u017ea nas je razveselila z obiskom medvedka Sre\u010dka in nas obogatila s pravljico o \u010dlovekoljubnosti. V izvedbi delavk Kosovelove knji\u017enice Se\u017eana smo si ogledali gledali\u0161ko predstavo Nonotov zid.&nbsp; Bil je zelo zanimiv, rado\u017eiv in pou\u010den teden.<\/p>\n\n\n\n<p>Besedilo: Maja Ter\u010don<\/p>\n\n\n\n<p>Fotografije: Ines Popla\u0161en<\/p>\n\n\n\n<div class=\"wp-block-buttons is-layout-flex wp-block-buttons-is-layout-flex\">\n<div class=\"wp-block-button\"><a class=\"wp-block-button__link wp-element-button\" href=\"https:\/\/vrtec-sezana.si\/?page_id=4426\">GALERIJA<\/a><\/div>\n<\/div>\n","protected":false},"excerpt":{"rendered":"<p>Na\u0161i novin\u010dki so \u017ee pogumno zakorakali \u010dez uvajalni september. Spoznavali smo nove prijatelje, igre in na\u0161o okolico. V oktobru, ko obele\u017eujemo teden otroka, smo imeli zelo pester program. Spet smo sodelovali z kmetijo \u017derjal, katerim smo pomagali izdelati traktor iz bal sena&#8230;.<\/p>\n","protected":false},"author":1,"featured_media":464,"comment_status":"closed","ping_status":"closed","sticky":false,"template":"","format":"standard","meta":{"footnotes":""},"categories":[18],"tags":[],"jetpack_featured_media_url":"https:\/\/vrtec-sezana.si\/wp-content\/uploads\/2023\/11\/TO_nalepka_LOGO-180x200-1.png","_links":{"self":[{"href":"https:\/\/vrtec-sezana.si\/index.php?rest_route=\/wp\/v2\/posts\/463"}],"collection":[{"href":"https:\/\/vrtec-sezana.si\/index.php?rest_route=\/wp\/v2\/posts"}],"about":[{"href":"https:\/\/vrtec-sezana.si\/index.php?rest_route=\/wp\/v2\/types\/post"}],"author":[{"embeddable":true,"href":"https:\/\/vrtec-sezana.si\/index.php?rest_route=\/wp\/v2\/users\/1"}],"replies":[{"embeddable":true,"href":"https:\/\/vrtec-sezana.si\/index.php?rest_route=%2Fwp%2Fv2%2Fcomments&post=463"}],"version-history":[{"count":3,"href":"https:\/\/vrtec-sezana.si\/index.php?rest_route=\/wp\/v2\/posts\/463\/revisions"}],"predecessor-version":[{"id":7298,"href":"https:\/\/vrtec-sezana.si\/index.php?rest_route=\/wp\/v2\/posts\/463\/revisions\/7298"}],"wp:featuredmedia":[{"embeddable":true,"href":"https:\/\/vrtec-sezana.si\/index.php?rest_route=\/wp\/v2\/media\/464"}],"wp:attachment":[{"href":"https:\/\/vrtec-sezana.si\/index.php?rest_route=%2Fwp%2Fv2%2Fmedia&parent=463"}],"wp:term":[{"taxonomy":"category","embeddable":true,"href":"https:\/\/vrtec-sezana.si\/index.php?rest_route=%2Fwp%2Fv2%2Fcategories&post=463"},{"taxonomy":"post_tag","embeddable":true,"href":"https:\/\/vrtec-sezana.si\/index.php?rest_route=%2Fwp%2Fv2%2Ftags&post=463"}],"curies":[{"name":"wp","href":"https:\/\/api.w.org\/{rel}","templated":true}]}}