{"id":4622,"date":"2024-01-14T00:51:00","date_gmt":"2024-01-13T23:51:00","guid":{"rendered":"http:\/\/977.ablak.arnes.si\/?p=4622"},"modified":"2024-02-19T13:43:56","modified_gmt":"2024-02-19T12:43:56","slug":"pevski-zbor-v-enoti-divaca","status":"publish","type":"post","link":"https:\/\/vrtec-sezana.si\/?p=4622","title":{"rendered":"PEVSKI ZBOR V ENOTI DIVA\u010cA"},"content":{"rendered":"\n<p>V enoti Diva\u010da smo v leto\u0161njem \u0161olskem letu prvi\u010d ustanovili otro\u0161ki pevski zbor, ki ga vodiva vzgojiteljici Ur\u0161ka Jazbec in Mateja Modic. Zaradi velikega zanimanja in vpisa sva oblikovali dve skupini in sicer mlaj\u0161i zbor\u010dek, v katerem sodelujejo otroci iz skupin Son\u010dki in Sovice ter starej\u0161i zbor\u010dek, v katerem sodelujejo otroci iz skupin Ribice in Zaj\u010dki.<\/p>\n\n\n\n<p>Pri zboru spoznavamo nove otro\u0161ke pesmi, igramo na male instrumente, se zabavamo ob glasbeno didakti\u010dnih igrah ter ple\u0161emo. Otroke navajava na skupinsko petje, pravilno dihanje, lo\u010devanje med kri\u010davim in lepim petjem, predvsem pa \u017eeliva, da otroci z veseljem hodijo na pevske vaje, da radi prepevajo ter se tako v glasbi izra\u017eajo.<\/p>\n\n\n\n<p>V decembru smo tako imeli \u017ee prve nastope in sicer nastop na otvoritvi knjigobe\u017enice, ki je zaradi slabega vremena potekala v prostorih vrtca, nastopali so najstarej\u0161i otroci, spremljala pa sta ga harmonika\u0161 Jan Jazbec ter Mateja Modic na kitari. Drugi nastop je bil na prazni\u010dnem bazarju na\u0161ega vrtca, ki je potekal v dveh delih, tako da sta nastopala oba zbor\u010dka, za spremljavo se zahvaljujemo Aniti Penko Maslo na klaviaturah ter Dejanu Sosi\u010du na kitari. Popestrili pa smo tudi prireditev ob\u010dine Diva\u010da ob prihodu Dedka Mraza, kjer sta sodelovala oba zbora skupaj, tu sta nas ponovno spremljala Jan Jazbec na harmoniki ter Dejan Sosi\u010d na kitari.<\/p>\n\n\n\n<p>V novem letu se \u017ee veselimo novih pesmic ter novih izku\u0161enj z nastopanjem.<\/p>\n\n\n\n<p>Besedilo: Mateja Modic<\/p>\n\n\n\n<p>Fotografije: arhiv vrtca<\/p>\n\n\n\n<div class=\"wp-block-buttons is-layout-flex wp-block-buttons-is-layout-flex\">\n<div class=\"wp-block-button\"><a class=\"wp-block-button__link wp-element-button\" href=\"https:\/\/vrtec-sezana.si\/?page_id=4623\">GALERIJA<\/a><\/div>\n<\/div>\n","protected":false},"excerpt":{"rendered":"<p>V enoti Diva\u010da smo v leto\u0161njem \u0161olskem letu prvi\u010d ustanovili otro\u0161ki pevski zbor, ki ga vodiva vzgojiteljici Ur\u0161ka Jazbec in Mateja Modic. Zaradi velikega zanimanja in vpisa sva oblikovali dve skupini in sicer mlaj\u0161i zbor\u010dek, v katerem sodelujejo otroci iz skupin Son\u010dki&#8230;<\/p>\n","protected":false},"author":1,"featured_media":538,"comment_status":"closed","ping_status":"closed","sticky":false,"template":"","format":"standard","meta":{"footnotes":""},"categories":[9],"tags":[],"jetpack_featured_media_url":"https:\/\/vrtec-sezana.si\/wp-content\/uploads\/2023\/11\/OpisDivaca.jpg","_links":{"self":[{"href":"https:\/\/vrtec-sezana.si\/index.php?rest_route=\/wp\/v2\/posts\/4622"}],"collection":[{"href":"https:\/\/vrtec-sezana.si\/index.php?rest_route=\/wp\/v2\/posts"}],"about":[{"href":"https:\/\/vrtec-sezana.si\/index.php?rest_route=\/wp\/v2\/types\/post"}],"author":[{"embeddable":true,"href":"https:\/\/vrtec-sezana.si\/index.php?rest_route=\/wp\/v2\/users\/1"}],"replies":[{"embeddable":true,"href":"https:\/\/vrtec-sezana.si\/index.php?rest_route=%2Fwp%2Fv2%2Fcomments&post=4622"}],"version-history":[{"count":2,"href":"https:\/\/vrtec-sezana.si\/index.php?rest_route=\/wp\/v2\/posts\/4622\/revisions"}],"predecessor-version":[{"id":7008,"href":"https:\/\/vrtec-sezana.si\/index.php?rest_route=\/wp\/v2\/posts\/4622\/revisions\/7008"}],"wp:featuredmedia":[{"embeddable":true,"href":"https:\/\/vrtec-sezana.si\/index.php?rest_route=\/wp\/v2\/media\/538"}],"wp:attachment":[{"href":"https:\/\/vrtec-sezana.si\/index.php?rest_route=%2Fwp%2Fv2%2Fmedia&parent=4622"}],"wp:term":[{"taxonomy":"category","embeddable":true,"href":"https:\/\/vrtec-sezana.si\/index.php?rest_route=%2Fwp%2Fv2%2Fcategories&post=4622"},{"taxonomy":"post_tag","embeddable":true,"href":"https:\/\/vrtec-sezana.si\/index.php?rest_route=%2Fwp%2Fv2%2Ftags&post=4622"}],"curies":[{"name":"wp","href":"https:\/\/api.w.org\/{rel}","templated":true}]}}