{"id":4598,"date":"2024-01-14T00:48:00","date_gmt":"2024-01-13T23:48:00","guid":{"rendered":"http:\/\/977.ablak.arnes.si\/?p=4598"},"modified":"2024-02-19T13:44:33","modified_gmt":"2024-02-19T12:44:33","slug":"praznicni-december-v-skupini-medvedki","status":"publish","type":"post","link":"https:\/\/vrtec-sezana.si\/?p=4598","title":{"rendered":"PRAZNI\u010cNI DECEMBER V SKUPINI MEDVEDKI"},"content":{"rendered":"\n<p>V mesecu decembru smo strokovne delavke presenetile otroke s prelepo okrasitvijo vrtca. Sledilo je skupno dru\u017eenje, ples in slavnostni pri\u017eig lu\u010dk. December je bil glasbeno obarvan mesec, kjer smo spoznavali razli\u010dne instrumente in nanje tudi igrali. Obiskal nas je glasbenik s klavirsko harmoniko, plesali in peli smo ob kitari, flavti, kragulj\u010dkih in se preizkusili v igranju na cajone- tolkala. Tudi likovno smo ustvarjali in izdelovali vo\u0161\u010dilnice ter pobarvali sne\u017eenega mo\u017ea. Nau\u010dili smo se tudi novo pesem Sne\u017eeni mo\u017e (J. Bitenc). Pogovarjali smo se o dobrem mo\u017eu Dedku Mrazu, ki nas je obiskal in nas obdaril z novimi igra\u010dami. Slavnostno smo praznovali tudi prvi dan zime, kjer smo se v avli zbrali vsi otroci in ob kitari zapeli nekaj zimskih pesmi. Imeli smo tudi slavnostno kosilo s pogrinjki za skupno mizo, kjer smo v spro\u0161\u010denem in \u010darobnem vzdu\u0161ju zaklju\u010dili skupno leto.<\/p>\n\n\n\n<p>Vsem skupaj \u017eelimo sre\u010dno zdravo, veselo in razigrano leto 2024!<\/p>\n\n\n\n<p>Besedilo: Ur\u0161ka Jazbec<\/p>\n\n\n\n<p>Fotografije: Ur\u0161ka Jazbec<\/p>\n\n\n\n<div class=\"wp-block-buttons is-layout-flex wp-block-buttons-is-layout-flex\">\n<div class=\"wp-block-button\"><a class=\"wp-block-button__link wp-element-button\" href=\"https:\/\/vrtec-sezana.si\/?page_id=4599\">GALERIJA<\/a><\/div>\n<\/div>\n","protected":false},"excerpt":{"rendered":"<p>V mesecu decembru smo strokovne delavke presenetile otroke s prelepo okrasitvijo vrtca. Sledilo je skupno dru\u017eenje, ples in slavnostni pri\u017eig lu\u010dk. December je bil glasbeno obarvan mesec, kjer smo spoznavali razli\u010dne instrumente in nanje tudi igrali. Obiskal nas je glasbenik s klavirsko&#8230;<\/p>\n","protected":false},"author":1,"featured_media":538,"comment_status":"closed","ping_status":"closed","sticky":false,"template":"","format":"standard","meta":{"footnotes":""},"categories":[9],"tags":[],"jetpack_featured_media_url":"https:\/\/vrtec-sezana.si\/wp-content\/uploads\/2023\/11\/OpisDivaca.jpg","_links":{"self":[{"href":"https:\/\/vrtec-sezana.si\/index.php?rest_route=\/wp\/v2\/posts\/4598"}],"collection":[{"href":"https:\/\/vrtec-sezana.si\/index.php?rest_route=\/wp\/v2\/posts"}],"about":[{"href":"https:\/\/vrtec-sezana.si\/index.php?rest_route=\/wp\/v2\/types\/post"}],"author":[{"embeddable":true,"href":"https:\/\/vrtec-sezana.si\/index.php?rest_route=\/wp\/v2\/users\/1"}],"replies":[{"embeddable":true,"href":"https:\/\/vrtec-sezana.si\/index.php?rest_route=%2Fwp%2Fv2%2Fcomments&post=4598"}],"version-history":[{"count":2,"href":"https:\/\/vrtec-sezana.si\/index.php?rest_route=\/wp\/v2\/posts\/4598\/revisions"}],"predecessor-version":[{"id":7010,"href":"https:\/\/vrtec-sezana.si\/index.php?rest_route=\/wp\/v2\/posts\/4598\/revisions\/7010"}],"wp:featuredmedia":[{"embeddable":true,"href":"https:\/\/vrtec-sezana.si\/index.php?rest_route=\/wp\/v2\/media\/538"}],"wp:attachment":[{"href":"https:\/\/vrtec-sezana.si\/index.php?rest_route=%2Fwp%2Fv2%2Fmedia&parent=4598"}],"wp:term":[{"taxonomy":"category","embeddable":true,"href":"https:\/\/vrtec-sezana.si\/index.php?rest_route=%2Fwp%2Fv2%2Fcategories&post=4598"},{"taxonomy":"post_tag","embeddable":true,"href":"https:\/\/vrtec-sezana.si\/index.php?rest_route=%2Fwp%2Fv2%2Ftags&post=4598"}],"curies":[{"name":"wp","href":"https:\/\/api.w.org\/{rel}","templated":true}]}}